{"id":14529,"date":"2020-10-15T11:20:59","date_gmt":"2020-10-15T10:20:59","guid":{"rendered":"https:\/\/infermeriabalear.com\/?p=14529"},"modified":"2021-11-29T15:43:18","modified_gmt":"2021-11-29T14:43:18","slug":"webinar-gratuito-de-matrona-a-matrona-compartiendo-experiencias-y-buenas-practicas-en-el-uso-de-larcs","status":"publish","type":"post","link":"https:\/\/infermeriabalear.com\/ca\/2020\/10\/15\/webinar-gratuito-de-matrona-a-matrona-compartiendo-experiencias-y-buenas-practicas-en-el-uso-de-larcs\/","title":{"rendered":"Taula rodona online: \"La cura infermera de les persones grans en temps de COVID\""},"content":{"rendered":"<div class=\"wp-block-column\" style=\"flex-basis: 66.66%;\">\r\n<figure class=\"wp-block-image size-large\"><\/figure>\r\n<!-- \/wp:post-content --><\/div>\r\n<h3><!-- \/wp:column -->\r\n\r\n<!-- wp:column {\"width\":33.33} --><\/h3>\r\n<div>\r\n<h3>El pr\u00f2xim dia 15 d'octubre a partir de les 17.00. Amb la participaci\u00f3 d'un pacient actiu i tres infermeres coordinadores de diferents centres de Balears.<\/h3>\r\n<p>&nbsp;<\/p>\r\n<p>En aquest Dijous Infermer, coorganitzat amb ABIGG, volem posar el focus en les persones grans, amb motiu del seu Dia Internacional (l'1 d'aquest mes). Xerrarem dels reptes als quals s'han enfrontat les infermeres que han tengut cura d'ells durant les distintes fases de la pand\u00e8mia i de com han viscut ells mateixos aquests darrers mesos d'incertesa.<\/p>\r\n<p>Dia i hora: dijous, 15 d'octubre, a partir de les 17:00.<\/p>\r\n<p>El encuentro se retransmitir\u00e1 en directo, gratuitamente desde nuestro canal de YouTube.\u00a0<\/p>\r\n<p>Participa enviant les teves preguntes mitjan\u00e7ant Twitter al hashtag #MayoresCOIBA.<\/p>\r\n<\/div>\r\n<p>&nbsp;<\/p>","protected":false},"excerpt":{"rendered":"<p>El pr\u00f3ximo d\u00eda 15 de octubre a partir de las 17:00. Con la participaci\u00f3n de un paciente activo y tres&#8230;<\/p>","protected":false},"author":9,"featured_media":25713,"comment_status":"closed","ping_status":"closed","sticky":false,"template":"","format":"standard","meta":{"footnotes":""},"categories":[427,314],"tags":[426,101,550,478],"class_list":["post-14529","post","type-post","status-publish","format-standard","has-post-thumbnail","hentry","category-docus-geriatria","category-eventos-coiba","tag-covid-19","tag-eventos","tag-mesa-redonda","tag-personas-mayores"],"_links":{"self":[{"href":"https:\/\/infermeriabalear.com\/ca\/wp-json\/wp\/v2\/posts\/14529","targetHints":{"allow":["GET"]}}],"collection":[{"href":"https:\/\/infermeriabalear.com\/ca\/wp-json\/wp\/v2\/posts"}],"about":[{"href":"https:\/\/infermeriabalear.com\/ca\/wp-json\/wp\/v2\/types\/post"}],"author":[{"embeddable":true,"href":"https:\/\/infermeriabalear.com\/ca\/wp-json\/wp\/v2\/users\/9"}],"replies":[{"embeddable":true,"href":"https:\/\/infermeriabalear.com\/ca\/wp-json\/wp\/v2\/comments?post=14529"}],"version-history":[{"count":5,"href":"https:\/\/infermeriabalear.com\/ca\/wp-json\/wp\/v2\/posts\/14529\/revisions"}],"predecessor-version":[{"id":25714,"href":"https:\/\/infermeriabalear.com\/ca\/wp-json\/wp\/v2\/posts\/14529\/revisions\/25714"}],"wp:featuredmedia":[{"embeddable":true,"href":"https:\/\/infermeriabalear.com\/ca\/wp-json\/wp\/v2\/media\/25713"}],"wp:attachment":[{"href":"https:\/\/infermeriabalear.com\/ca\/wp-json\/wp\/v2\/media?parent=14529"}],"wp:term":[{"taxonomy":"category","embeddable":true,"href":"https:\/\/infermeriabalear.com\/ca\/wp-json\/wp\/v2\/categories?post=14529"},{"taxonomy":"post_tag","embeddable":true,"href":"https:\/\/infermeriabalear.com\/ca\/wp-json\/wp\/v2\/tags?post=14529"}],"curies":[{"name":"wp","href":"https:\/\/api.w.org\/{rel}","templated":true}]}}