{"id":15216,"date":"2020-08-28T10:50:04","date_gmt":"2020-08-28T09:50:04","guid":{"rendered":"https:\/\/infermeriabalear.com\/?p=15216"},"modified":"2021-08-12T10:48:23","modified_gmt":"2021-08-12T09:48:23","slug":"representantes-del-coiba-reivindican-el-papel-de-las-enfermeras-en-las-residencias-de-personas-mayores","status":"publish","type":"post","link":"https:\/\/infermeriabalear.com\/ca\/2020\/08\/28\/representantes-del-coiba-reivindican-el-papel-de-las-enfermeras-en-las-residencias-de-personas-mayores\/","title":{"rendered":"Representants del COIBA reivindiquen el paper de les infemeres en les resid\u00e8ncies de persones majors"},"content":{"rendered":"<h3 style=\"text-align: left;\">La Presidenta del Col\u00b7legi Oficial d\u2019Infermeria de les Illes Balears (COIBA), Maria Jos\u00e9 sastre, acompanyada de la coordinadora de la comissi\u00f3 de geriatria del COIBA, Carmen Moreno, s\u2019han reunit avui amb la Consellera d\u2019Afers Socials de Govern de les Illes Balears, Fina Santiago, per oferir la col\u00b7laboraci\u00f3 de les infermeres per tal de millorar l\u2019atenci\u00f3 a les persones majors que viuen a les resid\u00e8ncies, especialment en aquests moments de pand\u00e8mia.<\/h3>\n<p>&nbsp;<\/p>\n<p>A la trobada s\u2019han pogut tractar aspectes de gran rellev\u00e0ncia com ara la necessitat de millorar les r\u00e0tios d\u2019infermeres a les resid\u00e8ncies per a persones majors, per tal de garantir l\u2019atenci\u00f3 de qualitat que mereix la nostra gent gran.  En aquest sentit, s\u2019ha plantejat la necessitat d\u2019incorporar la figura de la infermera especialista en geriatria, com a professional preparada per donar resposta a les necessitats espec\u00edfiques d\u2019aquest col\u00b7lectiu.<\/p>\n<p>Altres aspectes que s\u2019ha posat damunt la taula han estat la col\u00b7laboraci\u00f3 en l\u2019elaboraci\u00f3 conjunta d\u2019un pla contra la solitud en les persones majors, aix\u00ed com un programa de prevenci\u00f3 del maltractament, una xacra que moltes vegades passa desapercebuda ja que es produeix en l\u2019entorn familiar o domiciliari.<\/p>\n<p>Aix\u00ed mateix, les representants del COIBA, han acordat amb la Consellera la redacci\u00f3 d\u2019un pla de formaci\u00f3 conjunta per a les infermeres que duen a terme la seva tasca a les resid\u00e8ncies, previst per al primer trimestre de 2021.<\/p>","protected":false},"excerpt":{"rendered":"<p>La presidenta del Colegio Oficial de Enfermer\u00eda de las Islas Baleares (COIBA), Mar\u00eda Jos\u00e9 Sastre, acompa\u00f1ada por la coordinadora de&#8230;<\/p>","protected":false},"author":9,"featured_media":15817,"comment_status":"closed","ping_status":"closed","sticky":false,"template":"","format":"standard","meta":{"footnotes":""},"categories":[427,315],"tags":[377,428,429,124,431],"class_list":["post-15216","post","type-post","status-publish","format-standard","has-post-thumbnail","hentry","category-docus-geriatria","category-noticias","tag-geriatria","tag-gerontologia","tag-mayores","tag-noticias","tag-residencias"],"_links":{"self":[{"href":"https:\/\/infermeriabalear.com\/ca\/wp-json\/wp\/v2\/posts\/15216","targetHints":{"allow":["GET"]}}],"collection":[{"href":"https:\/\/infermeriabalear.com\/ca\/wp-json\/wp\/v2\/posts"}],"about":[{"href":"https:\/\/infermeriabalear.com\/ca\/wp-json\/wp\/v2\/types\/post"}],"author":[{"embeddable":true,"href":"https:\/\/infermeriabalear.com\/ca\/wp-json\/wp\/v2\/users\/9"}],"replies":[{"embeddable":true,"href":"https:\/\/infermeriabalear.com\/ca\/wp-json\/wp\/v2\/comments?post=15216"}],"version-history":[{"count":3,"href":"https:\/\/infermeriabalear.com\/ca\/wp-json\/wp\/v2\/posts\/15216\/revisions"}],"predecessor-version":[{"id":15220,"href":"https:\/\/infermeriabalear.com\/ca\/wp-json\/wp\/v2\/posts\/15216\/revisions\/15220"}],"wp:featuredmedia":[{"embeddable":true,"href":"https:\/\/infermeriabalear.com\/ca\/wp-json\/wp\/v2\/media\/15817"}],"wp:attachment":[{"href":"https:\/\/infermeriabalear.com\/ca\/wp-json\/wp\/v2\/media?parent=15216"}],"wp:term":[{"taxonomy":"category","embeddable":true,"href":"https:\/\/infermeriabalear.com\/ca\/wp-json\/wp\/v2\/categories?post=15216"},{"taxonomy":"post_tag","embeddable":true,"href":"https:\/\/infermeriabalear.com\/ca\/wp-json\/wp\/v2\/tags?post=15216"}],"curies":[{"name":"wp","href":"https:\/\/api.w.org\/{rel}","templated":true}]}}