{"id":15221,"date":"2020-08-28T10:52:28","date_gmt":"2020-08-28T09:52:28","guid":{"rendered":"https:\/\/infermeriabalear.com\/?p=15221"},"modified":"2021-04-15T14:29:03","modified_gmt":"2021-04-15T13:29:03","slug":"el-coiba-reitera-la-necesidad-de-revisar-el-modelo-de-atencion-primaria","status":"publish","type":"post","link":"https:\/\/infermeriabalear.com\/ca\/2020\/08\/28\/el-coiba-reitera-la-necesidad-de-revisar-el-modelo-de-atencion-primaria\/","title":{"rendered":"El COIBA reitera la necessitat de revisar el model d\u2019Atenci\u00f3 Prim\u00e0ria"},"content":{"rendered":"<h3 style=\"text-align: left;\">L\u2019evoluci\u00f3 de la pand\u00e8mia de COVID 19 en les darreres setmanes ha posat el sistema d\u2019Atenci\u00f3 Prim\u00e0ria a la vora del col\u00b7lapse, amb agendes saturades, dificultats de comunicaci\u00f3 i acc\u00e9s dels ciutadans als centres de salut, i amb un sobreesfor\u00e7 extraordinari per part dels professionals.<\/h3>\n<p>&nbsp;<\/p>\n<p class=\" translation-block\">L\u2019evoluci\u00f3 de la pand\u00e8mia de COVID 19 en les darreres setmanes ha posat el sistema d\u2019Atenci\u00f3 Prim\u00e0ria a la vora del col\u00b7lapse, amb agendes saturades, dificultats de comunicaci\u00f3 i acc\u00e9s dels ciutadans als centres de salut, i amb un sobreesfor\u00e7 extraordinari per part dels professionals. Conscients d\u2019aquesta realitat i de les possibles complicacions que es puguin generar amb l\u2019evoluci\u00f3 de la pand\u00e8mia, el passat 13 d\u2019agost, la presidenta del Col\u00b7legi Oficial d\u2019Infermeria de les Illes Balears (COIBA), Mar\u00eda Jos\u00e9 Sastre, es va reunir amb la Consellera de Salut i Consum, Patricia G\u00f3mez, en el marc d\u2019una reuni\u00f3 sol\u00b7licitada pel F\u00f2rum de l\u2019Atenci\u00f3 Prim\u00e0ria Post SARS-CoV2. En aquesta trobada, es va lliurar un document amb m\u00e9s de 50 propostes espec\u00edfiques per a la reforma de l\u2019Atenci\u00f3 Prim\u00e0ria, que pretenia servir de suport a les pol\u00edtiques de decisi\u00f3 per al retorn a la nova normalitat, i per planificar una estrat\u00e8gia encaminada a refor\u00e7ar les activitats valuoses i suprimir accions de poc o nul valor que es desenvolupen a l\u2019entorn de Prim\u00e0ria, aix\u00ed com organitzar i revisar les accions que s\u2019han anant incorporant durant la crisi.<\/p>\n<p>Entre les mesures principals que es proposen en aquest document, el COIBA considera especialment significatives:<\/p>\n<ol>\n<li>Recuperar l\u2019asignaci\u00f3 de pacients als seus profesionals de refer\u00e8ncia i la gesti\u00f3 adequada de la demanda telef\u00f2nica i presencial.<\/li>\n<li>Completar les plantilles dels centres de salut. \u00c9s necess\u00e0ria una correcta dotaci\u00f3 de recursos ajustats a les necessitats de la poblaci\u00f3, tenint en compte que la principal funci\u00f3 de l\u2019Atenci\u00f3 Prim\u00e0ria \u00e9s la prevenci\u00f3 i la promoci\u00f3 de la salut.<\/li>\n<li>Implementar mesures de prevenci\u00f3 mitjan\u00e7ant la formaci\u00f3 adequada, aix\u00ed com l\u2019atenci\u00f3 i seguiment psicoemocional de les conseq\u00fc\u00e8ncies relacionades amb la crisi del COVID19.<\/li>\n<li>Fomentar la desburocratitzaci\u00f3 de les consultes dels professionals sanitaris i agilitzar les gestions administratives de les demandes dels usuaris afavorint les funcions dels administratius sanitaris.<\/li>\n<\/ol>\n<p>&nbsp;<\/p>\n<p>Des del COIBA es vol destacar que el paper de les infermeres d\u2019atenci\u00f3 prim\u00e0ria es essencial en la gesti\u00f3 de la pand\u00e8mia, per\u00f2 tamb\u00e9 \u00e9s imprescindible per a l\u2019atenci\u00f3 a la cronicitat, la poblaci\u00f3 m\u00e9s vulnerable, persones amb diversitat funcional, dones i nins v\u00edctimes de viol\u00e8ncia de g\u00e8nere, en definitiva, ha de continuar sent, m\u00e9s si cap, l\u2019atenci\u00f3 m\u00e9s propera i immediata per al ciutad\u00e0.<\/p>","protected":false},"excerpt":{"rendered":"<p>La evoluci\u00f3n de la pandemia de COVID 19 en las \u00faltimas semanas ha puesto el sistema de Atenci\u00f3n Primaria al&#8230;<\/p>","protected":false},"author":9,"featured_media":15815,"comment_status":"closed","ping_status":"closed","sticky":false,"template":"","format":"standard","meta":{"footnotes":""},"categories":[315],"tags":[124],"class_list":["post-15221","post","type-post","status-publish","format-standard","has-post-thumbnail","hentry","category-noticias","tag-noticias"],"_links":{"self":[{"href":"https:\/\/infermeriabalear.com\/ca\/wp-json\/wp\/v2\/posts\/15221","targetHints":{"allow":["GET"]}}],"collection":[{"href":"https:\/\/infermeriabalear.com\/ca\/wp-json\/wp\/v2\/posts"}],"about":[{"href":"https:\/\/infermeriabalear.com\/ca\/wp-json\/wp\/v2\/types\/post"}],"author":[{"embeddable":true,"href":"https:\/\/infermeriabalear.com\/ca\/wp-json\/wp\/v2\/users\/9"}],"replies":[{"embeddable":true,"href":"https:\/\/infermeriabalear.com\/ca\/wp-json\/wp\/v2\/comments?post=15221"}],"version-history":[{"count":2,"href":"https:\/\/infermeriabalear.com\/ca\/wp-json\/wp\/v2\/posts\/15221\/revisions"}],"predecessor-version":[{"id":15225,"href":"https:\/\/infermeriabalear.com\/ca\/wp-json\/wp\/v2\/posts\/15221\/revisions\/15225"}],"wp:featuredmedia":[{"embeddable":true,"href":"https:\/\/infermeriabalear.com\/ca\/wp-json\/wp\/v2\/media\/15815"}],"wp:attachment":[{"href":"https:\/\/infermeriabalear.com\/ca\/wp-json\/wp\/v2\/media?parent=15221"}],"wp:term":[{"taxonomy":"category","embeddable":true,"href":"https:\/\/infermeriabalear.com\/ca\/wp-json\/wp\/v2\/categories?post=15221"},{"taxonomy":"post_tag","embeddable":true,"href":"https:\/\/infermeriabalear.com\/ca\/wp-json\/wp\/v2\/tags?post=15221"}],"curies":[{"name":"wp","href":"https:\/\/api.w.org\/{rel}","templated":true}]}}