{"id":15320,"date":"2020-03-27T11:38:57","date_gmt":"2020-03-27T10:38:57","guid":{"rendered":"https:\/\/infermeriabalear.com\/?p=15320"},"modified":"2021-04-13T11:43:05","modified_gmt":"2021-04-13T10:43:05","slug":"el-coiba-exige-a-las-autoridades-sanitarias-el-material-de-proteccion-necesario-para-los-profesionales-que-atienden-pacientes-con-coivd1","status":"publish","type":"post","link":"https:\/\/infermeriabalear.com\/ca\/2020\/03\/27\/el-coiba-exige-a-las-autoridades-sanitarias-el-material-de-proteccion-necesario-para-los-profesionales-que-atienden-pacientes-con-coivd1\/","title":{"rendered":"El COIBA exigeix a les autoritats sanit\u00e0ries el material de protecci\u00f3 necessari per als professionals que atenen pacients amb COVID19"},"content":{"rendered":"<h3 style=\"text-align: left;\">El Col\u00b7legi Oficial d\u2019Infermeria de les Illes Balears ha exigit mitjan\u00e7ant una carta remesa avui a la Consellera de Salut i Consum, Patricia G\u00f3mez, que es prenguin les mesures necess\u00e0ries per a protegir a tots els professionals que treballen amb pacients de COVID19.<\/h3>\n<p>&nbsp;<\/p>\n<p>En aquesta missiva, la presidenta del COIBA, Mar\u00eda Jos\u00e9 Sastre, ha manifestat a la Consellera que \u00e9s inacceptable  que les infermeres i infermers hagin de treballar sense la suficient protecci\u00f3, per la qual cosa des del COIBA es demana que es planifiqui i s'estableixin cadenes de subministraments immediatament.<\/p>\n<p>Mar\u00eda Jos\u00e9 Sastre recorda que \u00e9s obligaci\u00f3 legal de la Conselleria i el Servei de Salut garantir que les infermeres i infermers fan el seu treball amb total seguretat tant per a ells com per a les persones que atenen. Aquesta seguretat ha de ser una prioritat.<\/p>\n<p>Des del COIBA s'han sol\u00b7licitat EPIs i que el Servei de Salut acceleri la realitzaci\u00f3 de proves de detecci\u00f3 de COVID19 als professionals sanitaris i sociosanitaris per a la seva pr\u00f2pia protecci\u00f3, com de les seves fam\u00edlies i persones que atenen.<\/p>\n<p>En la carta, la presidenta del COIBA s'ha posat una vegada m\u00e9s a la disposici\u00f3 de les autoritats sanit\u00e0ries per a frenar i pal\u00b7liar aquesta terrible malaltia i enfrontar-la amb totes les forces, coneixement i professionalitat de les infermeres de Balears, per\u00f2 des del Col\u00b7legi s'insisteix que no es dubtar\u00e0 a prendre les mesures necess\u00e0ries contra els responsables d'accions o omissions que posin en perill la salut dels pacients i els professionals.<\/p>","protected":false},"excerpt":{"rendered":"<p>El Col\u00b7legi Oficial d\u2019Infermeria de les Illes Balears ha exigido mediante una carta remitida hoy a la Consellera de Salut&#8230;<\/p>","protected":false},"author":9,"featured_media":0,"comment_status":"closed","ping_status":"closed","sticky":false,"template":"","format":"standard","meta":{"footnotes":""},"categories":[315],"tags":[124],"class_list":["post-15320","post","type-post","status-publish","format-standard","hentry","category-noticias","tag-noticias"],"_links":{"self":[{"href":"https:\/\/infermeriabalear.com\/ca\/wp-json\/wp\/v2\/posts\/15320","targetHints":{"allow":["GET"]}}],"collection":[{"href":"https:\/\/infermeriabalear.com\/ca\/wp-json\/wp\/v2\/posts"}],"about":[{"href":"https:\/\/infermeriabalear.com\/ca\/wp-json\/wp\/v2\/types\/post"}],"author":[{"embeddable":true,"href":"https:\/\/infermeriabalear.com\/ca\/wp-json\/wp\/v2\/users\/9"}],"replies":[{"embeddable":true,"href":"https:\/\/infermeriabalear.com\/ca\/wp-json\/wp\/v2\/comments?post=15320"}],"version-history":[{"count":1,"href":"https:\/\/infermeriabalear.com\/ca\/wp-json\/wp\/v2\/posts\/15320\/revisions"}],"predecessor-version":[{"id":15321,"href":"https:\/\/infermeriabalear.com\/ca\/wp-json\/wp\/v2\/posts\/15320\/revisions\/15321"}],"wp:attachment":[{"href":"https:\/\/infermeriabalear.com\/ca\/wp-json\/wp\/v2\/media?parent=15320"}],"wp:term":[{"taxonomy":"category","embeddable":true,"href":"https:\/\/infermeriabalear.com\/ca\/wp-json\/wp\/v2\/categories?post=15320"},{"taxonomy":"post_tag","embeddable":true,"href":"https:\/\/infermeriabalear.com\/ca\/wp-json\/wp\/v2\/tags?post=15320"}],"curies":[{"name":"wp","href":"https:\/\/api.w.org\/{rel}","templated":true}]}}