{"id":15438,"date":"2020-01-08T12:30:30","date_gmt":"2020-01-08T11:30:30","guid":{"rendered":"https:\/\/infermeriabalear.com\/?p=15438"},"modified":"2021-04-15T12:00:05","modified_gmt":"2021-04-15T11:00:05","slug":"reunion-con-las-enfermeras-de-ibiza","status":"publish","type":"post","link":"https:\/\/infermeriabalear.com\/ca\/2020\/01\/08\/reunion-con-las-enfermeras-de-ibiza\/","title":{"rendered":"Reuni\u00f3 amb les infermeres d'Eivissa"},"content":{"rendered":"<h3 class=\"entradilla\">La Presidenta del Coiba, Maria Jos\u00e9 Sastre i la Presidenta del Col\u00b7legi d'Infermeria a Eivissa i Formentera, Monica Yern, s'han reunit amb les infermeres d'Eivissa per analitzar la situaci\u00f3 de la professi\u00f3 a les Piti\u00fcses<\/h3>\n<p>&nbsp;<\/p>\n<p class=\" translation-block\">Per una banda, les representants de la Junta es reuniren amb un grup de gestores i coordinadores dels diferents centres de salut d'Eivissa per parlar del funcionament i l'estructura de l'Atenci\u00f3 prim\u00e0ria a l'Illa i on pogueren expressar les seves inquietuds i necessitats.\nAix\u00ed mateix, Mar\u00eda Jos\u00e9 Sastre i Monica Yern es despla\u00e7aren a l'Hospital de Can Misses on varen poder departir amb la gerent de l'\u00c0rea de Salut d'Eivissa i Formentera, Carmen Santos, i la Directora d'Infermeria, Noelia Azqueta amb qui tamb\u00e9 es pogueren tractar q\u00fcestions de funcionament i organitzaci\u00f3, aix\u00ed com vies de col\u00b7laboraci\u00f3 entre ambdues institucions.<\/p>","protected":false},"excerpt":{"rendered":"<p>La Presidenta del Coiba, Maria Jos\u00e9 Sastre y la Presidenta del Colegio de Enfermer\u00eda en Ibiza y Formentera, Monica Yern,&#8230;<\/p>","protected":false},"author":9,"featured_media":15744,"comment_status":"closed","ping_status":"closed","sticky":false,"template":"","format":"standard","meta":{"footnotes":""},"categories":[315],"tags":[124],"class_list":["post-15438","post","type-post","status-publish","format-standard","has-post-thumbnail","hentry","category-noticias","tag-noticias"],"_links":{"self":[{"href":"https:\/\/infermeriabalear.com\/ca\/wp-json\/wp\/v2\/posts\/15438","targetHints":{"allow":["GET"]}}],"collection":[{"href":"https:\/\/infermeriabalear.com\/ca\/wp-json\/wp\/v2\/posts"}],"about":[{"href":"https:\/\/infermeriabalear.com\/ca\/wp-json\/wp\/v2\/types\/post"}],"author":[{"embeddable":true,"href":"https:\/\/infermeriabalear.com\/ca\/wp-json\/wp\/v2\/users\/9"}],"replies":[{"embeddable":true,"href":"https:\/\/infermeriabalear.com\/ca\/wp-json\/wp\/v2\/comments?post=15438"}],"version-history":[{"count":2,"href":"https:\/\/infermeriabalear.com\/ca\/wp-json\/wp\/v2\/posts\/15438\/revisions"}],"predecessor-version":[{"id":15441,"href":"https:\/\/infermeriabalear.com\/ca\/wp-json\/wp\/v2\/posts\/15438\/revisions\/15441"}],"wp:featuredmedia":[{"embeddable":true,"href":"https:\/\/infermeriabalear.com\/ca\/wp-json\/wp\/v2\/media\/15744"}],"wp:attachment":[{"href":"https:\/\/infermeriabalear.com\/ca\/wp-json\/wp\/v2\/media?parent=15438"}],"wp:term":[{"taxonomy":"category","embeddable":true,"href":"https:\/\/infermeriabalear.com\/ca\/wp-json\/wp\/v2\/categories?post=15438"},{"taxonomy":"post_tag","embeddable":true,"href":"https:\/\/infermeriabalear.com\/ca\/wp-json\/wp\/v2\/tags?post=15438"}],"curies":[{"name":"wp","href":"https:\/\/api.w.org\/{rel}","templated":true}]}}