{"id":15643,"date":"2019-05-06T08:54:48","date_gmt":"2019-05-06T07:54:48","guid":{"rendered":"https:\/\/infermeriabalear.com\/?p=15643"},"modified":"2021-08-06T08:16:47","modified_gmt":"2021-08-06T07:16:47","slug":"elecciones-coiba-ii-maecenas-sit-amet-mi-sapien-curabitur-quis-ante-mauris","status":"publish","type":"post","link":"https:\/\/infermeriabalear.com\/ca\/2019\/05\/06\/elecciones-coiba-ii-maecenas-sit-amet-mi-sapien-curabitur-quis-ante-mauris\/","title":{"rendered":"La Mesa Electoral acorda la proclamaci\u00f3 directa de les candidatures encap\u00e7alades per Mar\u00eda Jos\u00e9 Sastre a la Junta de Govern del Coiba i M\u00f2nica Yern, a la Junta insular d'Eivissa-Formentera"},"content":{"rendered":"<p>Pel que fa a la Junta Insular de Menorca, no consta cap candidatura per aquestes eleccions.<\/p>\n<div class=\"contenido\">\n<p>El passat 26 d'abril va finalitzar el termini de presentaci\u00f3 de candidatures al Ple de la Junta de Govern del Col\u00b7legi d'Infermeria de les Illes Balears i a les Juntes insulars de les Delegacions d'Eivissa i Formentera, i de Menorca.<\/p>\n<p>En el cas del Ple de la Junta de Govern, \u00fanicament va ser presentada una candidatura encap\u00e7alada per Mar\u00eda Jos\u00e9 Sastre Perea. Pel que fa a la Junta insular d'Eivissa i Formentera, es va donar la mateixa situaci\u00f3 i nom\u00e9s va ser presentada una candidatura liderada per M\u00f2nica Yern Moreno.<\/p>\n<p>Per tant, sense necessitat d'haver d'acudir a votaci\u00f3, i despr\u00e9s que la Mesa Electoral revis\u00e9s i certifiqu\u00e9s que ambues candidatures s'han presentat en temps i forma correctes i cumpleixen els requisits estatutaris exigits, resulten ambdues proclamades de forma directa per proveir els c\u00e0rrecs als quals es presentaven.<\/p>\n<p><strong>La Junta insular de Menorca no ha comptat amb cap candidatura presentada.<\/strong><\/p>\n<p>&nbsp;<\/p>\n<blockquote><p>Documents adjunts:<\/p><\/blockquote>\n<\/div>\n<blockquote><p><a href=\"https:\/\/infermeriabalear.com\/wp-content\/uploads\/2019\/05\/actaproclamacioncandidaturaselectaspdf.pdf\">Acta de proclamaci\u00f3 de les candidatures electes<\/a><\/p>\n<p><a href=\"https:\/\/infermeriabalear.com\/wp-content\/uploads\/2019\/05\/candidaturamajosesastrepdf.pdf\">Document de presentaci\u00f3 de la candidatura de Mar\u00eda Jos\u00e9 Sastre<\/a><\/p>\n<p><a href=\"https:\/\/infermeriabalear.com\/wp-content\/uploads\/2019\/05\/candidaturamonicayernpdf.pdf\">Document de presentaci\u00f3 de la candidatura de M\u00f2nica Yern<\/a><\/p><\/blockquote>","protected":false},"excerpt":{"rendered":"<p>Con respecto a la Junta Insular de Menorca no consta ninguna candidatura para estas elecciones. El pasado 26 de abril&#8230;<\/p>","protected":false},"author":9,"featured_media":15649,"comment_status":"closed","ping_status":"closed","sticky":false,"template":"","format":"standard","meta":{"footnotes":""},"categories":[369],"tags":[326,193],"class_list":["post-15643","post","type-post","status-publish","format-standard","has-post-thumbnail","hentry","category-elecciones-coiba-2019","tag-coiba","tag-elecciones"],"_links":{"self":[{"href":"https:\/\/infermeriabalear.com\/ca\/wp-json\/wp\/v2\/posts\/15643","targetHints":{"allow":["GET"]}}],"collection":[{"href":"https:\/\/infermeriabalear.com\/ca\/wp-json\/wp\/v2\/posts"}],"about":[{"href":"https:\/\/infermeriabalear.com\/ca\/wp-json\/wp\/v2\/types\/post"}],"author":[{"embeddable":true,"href":"https:\/\/infermeriabalear.com\/ca\/wp-json\/wp\/v2\/users\/9"}],"replies":[{"embeddable":true,"href":"https:\/\/infermeriabalear.com\/ca\/wp-json\/wp\/v2\/comments?post=15643"}],"version-history":[{"count":5,"href":"https:\/\/infermeriabalear.com\/ca\/wp-json\/wp\/v2\/posts\/15643\/revisions"}],"predecessor-version":[{"id":17315,"href":"https:\/\/infermeriabalear.com\/ca\/wp-json\/wp\/v2\/posts\/15643\/revisions\/17315"}],"wp:featuredmedia":[{"embeddable":true,"href":"https:\/\/infermeriabalear.com\/ca\/wp-json\/wp\/v2\/media\/15649"}],"wp:attachment":[{"href":"https:\/\/infermeriabalear.com\/ca\/wp-json\/wp\/v2\/media?parent=15643"}],"wp:term":[{"taxonomy":"category","embeddable":true,"href":"https:\/\/infermeriabalear.com\/ca\/wp-json\/wp\/v2\/categories?post=15643"},{"taxonomy":"post_tag","embeddable":true,"href":"https:\/\/infermeriabalear.com\/ca\/wp-json\/wp\/v2\/tags?post=15643"}],"curies":[{"name":"wp","href":"https:\/\/api.w.org\/{rel}","templated":true}]}}