{"id":15849,"date":"2020-02-27T15:04:47","date_gmt":"2020-02-27T14:04:47","guid":{"rendered":"https:\/\/infermeriabalear.com\/?p=15849"},"modified":"2021-04-15T15:20:47","modified_gmt":"2021-04-15T14:20:47","slug":"el-hospital-de-manacor-acoge-la-siguiente-sesion-del-ciclo-dijousinfermers-sobre-cuidados-enfermeros-en-la-prevencion-de-complicaciones-relacionadas-con-los-accesos-vasculares","status":"publish","type":"post","link":"https:\/\/infermeriabalear.com\/ca\/2020\/02\/27\/el-hospital-de-manacor-acoge-la-siguiente-sesion-del-ciclo-dijousinfermers-sobre-cuidados-enfermeros-en-la-prevencion-de-complicaciones-relacionadas-con-los-accesos-vasculares\/","title":{"rendered":"El Hospital de Manacor acoge la siguiente sesi\u00f3n del ciclo #DijousInfermers, sobre cuidados enfermeros en la prevenci\u00f3n&#8230;"},"content":{"rendered":"<div class=\"wp-block-column\" style=\"flex-basis: 66.66%;\">\r\n<figure class=\"wp-block-image size-large\"><\/figure>\r\n<!-- \/wp:post-content --><\/div>\r\n<h3><!-- \/wp:column -->\r\n\r\n<!-- wp:column {\"width\":33.33} --><\/h3>\r\n<div>\r\n<h3 class=\"entradilla\">El proper dijous, 27 de febrer, a partir de les 16:30. Entrada lliure.<\/h3>\r\n<p>&nbsp;<\/p>\r\n<div class=\"contenido\">\r\n<p class=\" translation-block\">Comptarem amb la participaci\u00f3 de Mar\u00eda Jes\u00fas P\u00e9rez Granda, infermera del Grup de estudi d'infeccions associades a dispositius intravasculars GEIDI, de l'Hospital Gregorio Mara\u00f1\u00f3n; de Victoria Armenteros Yeguas, infermera supervisora de l'Equip de Ter\u00e0pia Intravenosa de l'organitzaci\u00f3 sanit\u00e0ria integrada OSI Araba, al Pa\u00eds Basc; i d'Enriqueta M\u00e1rquez Villaverde, infermera l\u00edder del Grup BPSO d'Accessos Vasculars de l'Hospital de Manacor.<\/p>\r\n<p class=\" translation-block\">Presenta Ian Blanco Mavillard, l\u00edder del projecte del programa BPSO a l'Hospital de Manacor, professor associat al departament d'Infermeria i Fisioter\u00e0pia de la Universitat de les Illes Balears (UIB) i vicesecretari del Coiba.<\/p>\r\n<p>&nbsp;<\/p>\r\n<p><strong>Recorda!<\/strong><\/p>\r\n<ul>\r\n<li>Data i hora: dijous, 27 de febrer, a partir de les 16:30<\/li>\r\n<li>Lloc: Hospital Comarcal de Manacor (Carretera Manacor - Alc\u00fadia, s\/n 07500, Manacor)<\/li>\r\n<li class=\" translation-block\">M\u00e9s informaci\u00f3: cartell adjunt<\/li>\r\n<li class=\" translation-block\">La entrada \u00e9s lliure i tamb\u00e9 pots seguir la sessi\u00f3 en directe mitjan\u00e7ant streaming a: www.coibatv.com<\/li>\r\n<\/ul>\r\n<p>&nbsp;<\/p>\r\n<p><img loading=\"lazy\" decoding=\"async\" class=\"alignnone wp-image-15854 size-full\" src=\"https:\/\/infermeriabalear.com\/wp-content\/uploads\/2021\/04\/18022020101059-manacorcastjpg.jpg\" alt=\"\" width=\"848\" height=\"1200\" srcset=\"https:\/\/infermeriabalear.com\/wp-content\/uploads\/2021\/04\/18022020101059-manacorcastjpg.jpg 848w, https:\/\/infermeriabalear.com\/wp-content\/uploads\/2021\/04\/18022020101059-manacorcastjpg-212x300.jpg 212w, https:\/\/infermeriabalear.com\/wp-content\/uploads\/2021\/04\/18022020101059-manacorcastjpg-768x1087.jpg 768w, https:\/\/infermeriabalear.com\/wp-content\/uploads\/2021\/04\/18022020101059-manacorcastjpg-8x12.jpg 8w\" sizes=\"auto, (max-width: 848px) 100vw, 848px\" \/><\/p>\r\n<\/div>\r\n<\/div>","protected":false},"excerpt":{"rendered":"<p>El pr\u00f3ximo jueves, 27 de febrero, a partir de las 16:30. Entrada libre. &nbsp; Contaremos con la participaci\u00f3n de\u00a0Mar\u00eda Jes\u00fas&#8230;<\/p>","protected":false},"author":9,"featured_media":14019,"comment_status":"closed","ping_status":"closed","sticky":false,"template":"","format":"standard","meta":{"footnotes":""},"categories":[314],"tags":[101],"class_list":["post-15849","post","type-post","status-publish","format-standard","has-post-thumbnail","hentry","category-eventos-coiba","tag-eventos"],"_links":{"self":[{"href":"https:\/\/infermeriabalear.com\/ca\/wp-json\/wp\/v2\/posts\/15849","targetHints":{"allow":["GET"]}}],"collection":[{"href":"https:\/\/infermeriabalear.com\/ca\/wp-json\/wp\/v2\/posts"}],"about":[{"href":"https:\/\/infermeriabalear.com\/ca\/wp-json\/wp\/v2\/types\/post"}],"author":[{"embeddable":true,"href":"https:\/\/infermeriabalear.com\/ca\/wp-json\/wp\/v2\/users\/9"}],"replies":[{"embeddable":true,"href":"https:\/\/infermeriabalear.com\/ca\/wp-json\/wp\/v2\/comments?post=15849"}],"version-history":[{"count":5,"href":"https:\/\/infermeriabalear.com\/ca\/wp-json\/wp\/v2\/posts\/15849\/revisions"}],"predecessor-version":[{"id":15871,"href":"https:\/\/infermeriabalear.com\/ca\/wp-json\/wp\/v2\/posts\/15849\/revisions\/15871"}],"wp:featuredmedia":[{"embeddable":true,"href":"https:\/\/infermeriabalear.com\/ca\/wp-json\/wp\/v2\/media\/14019"}],"wp:attachment":[{"href":"https:\/\/infermeriabalear.com\/ca\/wp-json\/wp\/v2\/media?parent=15849"}],"wp:term":[{"taxonomy":"category","embeddable":true,"href":"https:\/\/infermeriabalear.com\/ca\/wp-json\/wp\/v2\/categories?post=15849"},{"taxonomy":"post_tag","embeddable":true,"href":"https:\/\/infermeriabalear.com\/ca\/wp-json\/wp\/v2\/tags?post=15849"}],"curies":[{"name":"wp","href":"https:\/\/api.w.org\/{rel}","templated":true}]}}