{"id":16396,"date":"2019-03-06T10:03:29","date_gmt":"2019-03-06T09:03:29","guid":{"rendered":"https:\/\/infermeriabalear.com\/?p=16396"},"modified":"2021-08-05T13:15:58","modified_gmt":"2021-08-05T12:15:58","slug":"el-coiba-convoca-elecciones-a-la-junta-de-gobierno-y-a-las-juntas-insulares-de-menorca-e-ibiza-formenter","status":"publish","type":"post","link":"https:\/\/infermeriabalear.com\/ca\/2019\/03\/06\/el-coiba-convoca-elecciones-a-la-junta-de-gobierno-y-a-las-juntas-insulares-de-menorca-e-ibiza-formenter\/","title":{"rendered":"El COIBA convoca eleccions a la Junta de Govern i a les juntes insulars de Menorca i Eivissa - Formentera"},"content":{"rendered":"<p>La Junta de Govern del Col\u00b7legi Oficial d'Infermeria de les Illes Balears va acordar en reuni\u00f3 ordin\u00e0ria, ahir 5 de mar\u00e7 de 2019, convocar eleccions al Ple de la Junta de Govern del COIBA, aix\u00ed com a la Junta Insular de Menorca i a la Junta Insular d'Eivissa i Formentera.<\/p>\n<p>Mitjan\u00e7ant la circular-convocat\u00f2ria annexa, d'acord amb el que preceptuen els articles 29, 30 i 38 dels Estatuts col\u00b7legials - publicats en el BOIB n\u00fam. 142, de 13 de novembre de 2018-, la Junta actual ha convocat les eleccions al Ple de la Junta de Govern del COIBA, que se celebraran el proper dia 26 de juny de 2019 a la seu col\u00b7legial situada a Palma (carrer Almirall Gravina, n\u00fam. 1) i a les delegacions de Menorca (situada al carrer Cam\u00ed de Ses Vinyes, n\u00fam. 130) i en la d'Eivissa (situada al carrer Abad i la Serra, n\u00fam. 2, Principal, Oficina 10). La votaci\u00f3 comen\u00e7ar\u00e0 a les 10.00\u202fh i conclour\u00e0 a les 20.00\u202fh.<\/p>\n<p>La celebraci\u00f3 de les eleccions a les Juntes insulars de Menorca i d'Eivissa-Formentera se celebrar\u00e0, respectivament, en cada delegaci\u00f3 territorial, el mateix dia i en el mateix horari assenyalat d'inici i tancament de la votaci\u00f3.<\/p>\n<p>Per tal de donar compliment al que preveu l'article 30 dels Estatuts col\u00b7legials, a la circular-convocat\u00f2ria es transcriuen els extractes m\u00e9s rellevants dels articles 10, 23, 28, 30, 34 i 38 dels Estatuts col\u00b7legials referents als c\u00e0rrecs objecte de les eleccions convocades, els requisits d'elegibilitat per poder aspirar a aquests, la forma de presentaci\u00f3 de les candidatures, i el termini de presentaci\u00f3 de les mateixes per poder conc\u00f3rrer a l'elecci\u00f3.<\/p>\n<blockquote><p>Documents adjunts:<\/p>\n<p><a href=\"https:\/\/infermeriabalear.com\/wp-content\/uploads\/2019\/03\/circulareleccionsCAT.pdf.pdf\">Circular-convocat\u00f2ria<\/a><\/p>\n<p><a href=\"https:\/\/infermeriabalear.com\/wp-content\/uploads\/2019\/03\/estatutscollegialspublicats2018.pdf.pdf\">Estatuts col\u00b7legials<\/a><\/p><\/blockquote>","protected":false},"excerpt":{"rendered":"<p>La Junta de Gobierno del Col\u00b7legi Oficial d\u2019Infermeria de les Illes Balears acord\u00f3 en reuni\u00f3n ordinaria, ayer 5 de marzo&#8230;<\/p>","protected":false},"author":9,"featured_media":15649,"comment_status":"closed","ping_status":"closed","sticky":false,"template":"","format":"standard","meta":{"footnotes":""},"categories":[369],"tags":[326,193],"class_list":["post-16396","post","type-post","status-publish","format-standard","has-post-thumbnail","hentry","category-elecciones-coiba-2019","tag-coiba","tag-elecciones"],"_links":{"self":[{"href":"https:\/\/infermeriabalear.com\/ca\/wp-json\/wp\/v2\/posts\/16396","targetHints":{"allow":["GET"]}}],"collection":[{"href":"https:\/\/infermeriabalear.com\/ca\/wp-json\/wp\/v2\/posts"}],"about":[{"href":"https:\/\/infermeriabalear.com\/ca\/wp-json\/wp\/v2\/types\/post"}],"author":[{"embeddable":true,"href":"https:\/\/infermeriabalear.com\/ca\/wp-json\/wp\/v2\/users\/9"}],"replies":[{"embeddable":true,"href":"https:\/\/infermeriabalear.com\/ca\/wp-json\/wp\/v2\/comments?post=16396"}],"version-history":[{"count":3,"href":"https:\/\/infermeriabalear.com\/ca\/wp-json\/wp\/v2\/posts\/16396\/revisions"}],"predecessor-version":[{"id":17303,"href":"https:\/\/infermeriabalear.com\/ca\/wp-json\/wp\/v2\/posts\/16396\/revisions\/17303"}],"wp:featuredmedia":[{"embeddable":true,"href":"https:\/\/infermeriabalear.com\/ca\/wp-json\/wp\/v2\/media\/15649"}],"wp:attachment":[{"href":"https:\/\/infermeriabalear.com\/ca\/wp-json\/wp\/v2\/media?parent=16396"}],"wp:term":[{"taxonomy":"category","embeddable":true,"href":"https:\/\/infermeriabalear.com\/ca\/wp-json\/wp\/v2\/categories?post=16396"},{"taxonomy":"post_tag","embeddable":true,"href":"https:\/\/infermeriabalear.com\/ca\/wp-json\/wp\/v2\/tags?post=16396"}],"curies":[{"name":"wp","href":"https:\/\/api.w.org\/{rel}","templated":true}]}}