{"id":17041,"date":"2021-07-12T12:03:00","date_gmt":"2021-07-12T11:03:00","guid":{"rendered":"https:\/\/infermeriabalear.com\/?p=17041"},"modified":"2021-07-12T12:03:00","modified_gmt":"2021-07-12T11:03:00","slug":"el-ministerio-de-universidades-publica-las-bases-de-la-convocatoria-de-la-prueba-objetiva-para-enfermeria-familiar-y-comunitaria","status":"publish","type":"post","link":"https:\/\/infermeriabalear.com\/ca\/2021\/07\/12\/el-ministerio-de-universidades-publica-las-bases-de-la-convocatoria-de-la-prueba-objetiva-para-enfermeria-familiar-y-comunitaria\/","title":{"rendered":"El Ministeri d'Universitats publica les bases de la convocat\u00f2ria de la prova objectiva per a la via excepcional d'Infermeria Familiar i Comunit\u00e0ria"},"content":{"rendered":"<p>Tamb\u00e9 publica les bases per a la prova d'Infermeria de Cures M\u00e8dic-Quir\u00fargiques. Incorpora la possibilitat de que es realitzi la prova online, per\u00f2 no concreta encara la data de l'examen<\/p>\n<p>El Ministeri d'Universitats ha publicat al Butllet\u00ed Oficial de l'Estat (BOE) les bases de convocat\u00f2ria de la prova objectiva per a la via excepcional en les especialitats d'Infermeria Familiar i Comunit\u00e0ria i d'Infermeria de Cures M\u00e8dic-Quir\u00fargiques.<\/p>\n<p>Com a novetat, s'introdueix la possibilitat de convocar l'examen en l\u00ednia, si es considera oport\u00fa.<\/p>\n<p>En aquesta convocat\u00f2ria no s'estableix encara data d'examen.<\/p>\n<p>Acc\u00e9s al BOE en <a href=\"https:\/\/infermeriabalear.com\/wp-content\/uploads\/2021\/07\/Convocatoria-de-la-prueba-objetiva-sobre-Especialidades-de-Enfermeri\u0301a.-BOE-8julio21.pdf\">aquest vincle.<\/a><\/p>","protected":false},"excerpt":{"rendered":"<p>Tambi\u00e9n publica las bases para la prueba de Enfermer\u00eda de Cuidados M\u00e9dico-quir\u00fargicos. Introduce la posibilidad de que se realice la&#8230;<\/p>","protected":false},"author":9,"featured_media":17043,"comment_status":"open","ping_status":"closed","sticky":false,"template":"","format":"standard","meta":{"footnotes":""},"categories":[315],"tags":[413],"class_list":["post-17041","post","type-post","status-publish","format-standard","has-post-thumbnail","hentry","category-noticias","tag-enfermeria-familiar-comunitaria-medico-quirurgica-via-excepcional"],"_links":{"self":[{"href":"https:\/\/infermeriabalear.com\/ca\/wp-json\/wp\/v2\/posts\/17041","targetHints":{"allow":["GET"]}}],"collection":[{"href":"https:\/\/infermeriabalear.com\/ca\/wp-json\/wp\/v2\/posts"}],"about":[{"href":"https:\/\/infermeriabalear.com\/ca\/wp-json\/wp\/v2\/types\/post"}],"author":[{"embeddable":true,"href":"https:\/\/infermeriabalear.com\/ca\/wp-json\/wp\/v2\/users\/9"}],"replies":[{"embeddable":true,"href":"https:\/\/infermeriabalear.com\/ca\/wp-json\/wp\/v2\/comments?post=17041"}],"version-history":[{"count":2,"href":"https:\/\/infermeriabalear.com\/ca\/wp-json\/wp\/v2\/posts\/17041\/revisions"}],"predecessor-version":[{"id":17045,"href":"https:\/\/infermeriabalear.com\/ca\/wp-json\/wp\/v2\/posts\/17041\/revisions\/17045"}],"wp:featuredmedia":[{"embeddable":true,"href":"https:\/\/infermeriabalear.com\/ca\/wp-json\/wp\/v2\/media\/17043"}],"wp:attachment":[{"href":"https:\/\/infermeriabalear.com\/ca\/wp-json\/wp\/v2\/media?parent=17041"}],"wp:term":[{"taxonomy":"category","embeddable":true,"href":"https:\/\/infermeriabalear.com\/ca\/wp-json\/wp\/v2\/categories?post=17041"},{"taxonomy":"post_tag","embeddable":true,"href":"https:\/\/infermeriabalear.com\/ca\/wp-json\/wp\/v2\/tags?post=17041"}],"curies":[{"name":"wp","href":"https:\/\/api.w.org\/{rel}","templated":true}]}}