{"id":17121,"date":"2021-07-27T14:16:14","date_gmt":"2021-07-27T13:16:14","guid":{"rendered":"https:\/\/infermeriabalear.com\/?p=17121"},"modified":"2021-08-17T08:34:45","modified_gmt":"2021-08-17T07:34:45","slug":"condena-firme-por-intentar-agredir-a-un-enfermero-durante-una-noche-de-guardia","status":"publish","type":"post","link":"https:\/\/infermeriabalear.com\/ca\/2021\/07\/27\/condena-firme-por-intentar-agredir-a-un-enfermero-durante-una-noche-de-guardia\/","title":{"rendered":"Condemna ferma per intentar agredir a un infermer durant una nit de gu\u00e0rdia"},"content":{"rendered":"<p>El COIBA es va personar com a acusaci\u00f3 popular en el judici, fent costat a l'infermer col\u00b7legiat davant l'agressor<\/p>\n<p>Les agressions o intents d'agressi\u00f3 no surten gratis. Un jutjat penal de Palma acaba de confirmar en sent\u00e8ncia ferma la condemna a sis mesos de multa a una persona per atemptat contra un funcionari p\u00fablic, un infermer, en un centre de salut.<\/p>\n<p>Els fets es remunten a una matinada de l'any 2020, quan el condemnat va acudir d'urg\u00e8ncies a un punt d'atenci\u00f3 continuada per una mol\u00e8stia. Els professionals, malgrat advertir-li que all\u00f2 no era una urg\u00e8ncia, li van atendre igualment i van incloure la medicaci\u00f3 recomanada en la seva targeta sanit\u00e0ria.<\/p>\n<p>Per\u00f2 el comentari de la no-urg\u00e8ncia de la visita va molestar al pacient, que va dedicar improperis i insults als professionals. A m\u00e9s, davant la intervenci\u00f3 de l'infermer -que va voler posar pau- va intentar donar-li un cop, que el professional va poder esquivar, no produint-se cap lesi\u00f3. Tota aquesta actuaci\u00f3 es va produir entre amenaces del tipus \u201cet partir\u00e9 la cara\u201d.<\/p>\n<p>Nom\u00e9s davant l'arribada del gu\u00e0rdia de seguretat i l'amena\u00e7a de cridar a la policia, es va calmar el condemnat, qui va abandonar posteriorment el centre de salut.<\/p>\n<p>Notificada aquesta agressi\u00f3, el Col\u00b7legi Oficial d\u2019Infermeria de les Illes Balears es va personar en la causa com a acusaci\u00f3 popular, en defensa de l'infermer.<\/p>\n<p>At\u00e8s que no es van produir danys f\u00edsics, la Sala va decidir condemnar a aquesta persona com a autor criminalment responsable d'un delicte d'atemptat, a la pena de 6 mesos de multa a ra\u00f3 de 3 euros diaris, i al pagament de les costes de l'acusaci\u00f3 particular.<\/p>","protected":false},"excerpt":{"rendered":"<p>El COIBA se person\u00f3 como acusaci\u00f3n popular en el juicio, apoyando al enfermero colegiado, ante el agresor. Las agresiones o&#8230;<\/p>","protected":false},"author":9,"featured_media":17697,"comment_status":"open","ping_status":"closed","sticky":false,"template":"","format":"standard","meta":{"footnotes":""},"categories":[315,370],"tags":[],"class_list":["post-17121","post","type-post","status-publish","format-standard","has-post-thumbnail","hentry","category-noticias","category-noticias-destacadas"],"_links":{"self":[{"href":"https:\/\/infermeriabalear.com\/ca\/wp-json\/wp\/v2\/posts\/17121","targetHints":{"allow":["GET"]}}],"collection":[{"href":"https:\/\/infermeriabalear.com\/ca\/wp-json\/wp\/v2\/posts"}],"about":[{"href":"https:\/\/infermeriabalear.com\/ca\/wp-json\/wp\/v2\/types\/post"}],"author":[{"embeddable":true,"href":"https:\/\/infermeriabalear.com\/ca\/wp-json\/wp\/v2\/users\/9"}],"replies":[{"embeddable":true,"href":"https:\/\/infermeriabalear.com\/ca\/wp-json\/wp\/v2\/comments?post=17121"}],"version-history":[{"count":1,"href":"https:\/\/infermeriabalear.com\/ca\/wp-json\/wp\/v2\/posts\/17121\/revisions"}],"predecessor-version":[{"id":17122,"href":"https:\/\/infermeriabalear.com\/ca\/wp-json\/wp\/v2\/posts\/17121\/revisions\/17122"}],"wp:featuredmedia":[{"embeddable":true,"href":"https:\/\/infermeriabalear.com\/ca\/wp-json\/wp\/v2\/media\/17697"}],"wp:attachment":[{"href":"https:\/\/infermeriabalear.com\/ca\/wp-json\/wp\/v2\/media?parent=17121"}],"wp:term":[{"taxonomy":"category","embeddable":true,"href":"https:\/\/infermeriabalear.com\/ca\/wp-json\/wp\/v2\/categories?post=17121"},{"taxonomy":"post_tag","embeddable":true,"href":"https:\/\/infermeriabalear.com\/ca\/wp-json\/wp\/v2\/tags?post=17121"}],"curies":[{"name":"wp","href":"https:\/\/api.w.org\/{rel}","templated":true}]}}