{"id":23536,"date":"2021-09-09T11:58:17","date_gmt":"2021-09-09T09:58:17","guid":{"rendered":"https:\/\/infermeriabalear.com\/?p=23536"},"modified":"2022-01-14T14:29:38","modified_gmt":"2022-01-14T13:29:38","slug":"nueva-comision-de-trabajo-prevencion-suicidio","status":"publish","type":"post","link":"https:\/\/infermeriabalear.com\/ca\/2021\/09\/09\/nueva-comision-de-trabajo-prevencion-suicidio\/","title":{"rendered":"El COIBA crea una Comissi\u00f3 de Treball per a la Prevenci\u00f3 del Su\u00efcidi"},"content":{"rendered":"<p>A Espanya, 10 persones al dia es lleven la vida, la qual cosa equivaldria a un su\u00efcidi cada dues hores i mitja. El su\u00efcidi \u00e9s un problema real que preocupa a tota la poblaci\u00f3 en general. Actualment s'han identificat diferents grups vulnerables, entre ells, els adolescents, col\u00b7lectiu LGTBI, les dones que sofreixen viol\u00e8ncia masclista i col\u00b7lectius sanitaris com el d'infermeria.<\/p>\n<p>Malgrat tot aix\u00f2, Espanya manca d'un pla nacional de prevenci\u00f3. No hi ha coordinaci\u00f3 en les respostes auton\u00f2miques ni existeixen campanyes de sensibilitzaci\u00f3. El su\u00efcidi es pot prevenir i, per a donar una resposta efica\u00e7, \u00e9s necess\u00e0ria una estrat\u00e8gia integral i multisectorial.<\/p>\n<p>Des del Col\u00b7legi Oficial d'Infermeria (COIBA) apostem per una atenci\u00f3 de qualitat amb infermeres formades i implicades que puguin garantir una atenci\u00f3 individualitzada i continuada a tots els nivells assistencials. El COIBA est\u00e0 interessat a formar una nova Comissi\u00f3 de Treball per a la Prevenci\u00f3 del Su\u00efcidi. Aix\u00ed mateix, convoca a tots aquells professionals d'aquesta disciplina que actualment estiguin interessats i treballin en aquest tema a formar part d'aquesta comissi\u00f3.<\/p>\n<p>Els objectius inicials establerts s\u00f3n:<\/p>\n<ul>\n<li>Tra\u00e7ar una xarxa d'infermeres que estiguin treballant en la prevenci\u00f3 del su\u00efcidi a les Illes Balears, per crear lla\u00e7os de connexi\u00f3 entre elles.<\/li>\n<li>- Millorar la qualitat de l'atenci\u00f3 a aquests pacients i disminuir l'estigma social entorn a la conducta del su\u00efcidi.<\/li>\n<li>Disposar d'un lloc de trobada on compartir inquietuds, preocupacions i reaccions viscudes en la seva pr\u00e0ctica laboral.<\/li>\n<\/ul>\n<p>&nbsp;<\/p>\n<p><strong>INTERESSATS\/DES:<\/strong>\u00a0Poden presentar la sol\u00b7licitud per a ser membre d'aquesta comissi\u00f3 tots\/es les col\u00b7legiades que estiguin al dia de les seves obligacions col\u00b7legials i tinguin inter\u00e8s a participar en aquesta comissi\u00f3. Per a aix\u00f2 hauran de presentar una sol\u00b7licitud signada indicant les dades personals (nom, cognoms, DNI, tel\u00e8fon i correu electr\u00f2nic), dades professionals (lloc de treball i c\u00e0rrec), curr\u00edculum i una breu explicaci\u00f3 sobre la motivaci\u00f3 per a formar part d'aquest grup. La sol\u00b7licitud es pot presentar per correu electr\u00f2nic a: coiba.pm@infermeriabalear.com\u00a0<a href=\"about:blank\">coiba.pm@infermeriabalear.com<\/a><\/p>\n<p><strong>DATA DE PRESENTACI\u00d3 DE LA SOL\u00b7LICITUD: <\/strong><u>Des del dia 10 al 30 de\u00a0<\/u><u>setembre de 2021, incl\u00f2s.<\/u><\/p>\n<p><strong>ACTA DE CONSTITUCI\u00d3 DE LA COMISSI\u00d3:<\/strong>\u00a0l'hora de la reuni\u00f3 es notificar\u00e0 als seleccionats.<\/p>\n<p>Palma, 09 de setembre de 2021<\/p>\n<p>&nbsp;<\/p>\n<p>Llegeix la <a href=\"https:\/\/infermeriabalear.com\/wp-content\/uploads\/2021\/09\/Convocatoria-COIBA-2021-CAT.pdf\">convocat\u00f2ria.\u00a0<\/a><\/p>\n<p>Descarrega't la <a href=\"https:\/\/infermeriabalear.com\/wp-content\/uploads\/2021\/09\/09092021134159-solicitudcprevcatpdf.pdf\">sol\u00b7licitud.<\/a><\/p>","protected":false},"excerpt":{"rendered":"<p>En Espa\u00f1a, 10 personas al d\u00eda se quitan la vida, lo que equivaldr\u00eda a un suicidio cada dos horas y&#8230;<\/p>","protected":false},"author":9,"featured_media":23587,"comment_status":"open","ping_status":"closed","sticky":false,"template":"","format":"standard","meta":{"footnotes":""},"categories":[624,376,315],"tags":[444,476,477],"class_list":["post-23536","post","type-post","status-publish","format-standard","has-post-thumbnail","hentry","category-docus-prevsuicidio","category-noticias-destacadas-2columna","category-noticias","tag-comision","tag-prevencion","tag-suicidio"],"_links":{"self":[{"href":"https:\/\/infermeriabalear.com\/ca\/wp-json\/wp\/v2\/posts\/23536","targetHints":{"allow":["GET"]}}],"collection":[{"href":"https:\/\/infermeriabalear.com\/ca\/wp-json\/wp\/v2\/posts"}],"about":[{"href":"https:\/\/infermeriabalear.com\/ca\/wp-json\/wp\/v2\/types\/post"}],"author":[{"embeddable":true,"href":"https:\/\/infermeriabalear.com\/ca\/wp-json\/wp\/v2\/users\/9"}],"replies":[{"embeddable":true,"href":"https:\/\/infermeriabalear.com\/ca\/wp-json\/wp\/v2\/comments?post=23536"}],"version-history":[{"count":3,"href":"https:\/\/infermeriabalear.com\/ca\/wp-json\/wp\/v2\/posts\/23536\/revisions"}],"predecessor-version":[{"id":23543,"href":"https:\/\/infermeriabalear.com\/ca\/wp-json\/wp\/v2\/posts\/23536\/revisions\/23543"}],"wp:featuredmedia":[{"embeddable":true,"href":"https:\/\/infermeriabalear.com\/ca\/wp-json\/wp\/v2\/media\/23587"}],"wp:attachment":[{"href":"https:\/\/infermeriabalear.com\/ca\/wp-json\/wp\/v2\/media?parent=23536"}],"wp:term":[{"taxonomy":"category","embeddable":true,"href":"https:\/\/infermeriabalear.com\/ca\/wp-json\/wp\/v2\/categories?post=23536"},{"taxonomy":"post_tag","embeddable":true,"href":"https:\/\/infermeriabalear.com\/ca\/wp-json\/wp\/v2\/tags?post=23536"}],"curies":[{"name":"wp","href":"https:\/\/api.w.org\/{rel}","templated":true}]}}