{"id":25455,"date":"2026-04-28T15:30:04","date_gmt":"2026-04-28T13:30:04","guid":{"rendered":"https:\/\/infermeriabalear.com\/?p=25455"},"modified":"2026-04-28T15:34:08","modified_gmt":"2026-04-28T13:34:08","slug":"convocatoria-comision-deontologica","status":"publish","type":"post","link":"https:\/\/infermeriabalear.com\/ca\/2026\/04\/28\/convocatoria-comision-deontologica\/","title":{"rendered":"Convocat\u00f2ria per cobrir noves places de la Comissi\u00f3 Deontol\u00f2gica del COIBA 2023-2027"},"content":{"rendered":"<p><strong>El termini per presentar candidatures \u00e9s fins al proper dia 31 de maig, incl\u00f2s<\/strong><\/p>\n<p><span class=\"TextRun SCXW67395015 BCX0\" lang=\"ES-ES\" xml:lang=\"ES-ES\" data-contrast=\"none\"><span class=\"NormalTextRun SCXW67395015 BCX0\">El Col\u00b7legi Oficial\u00a0<\/span><span class=\"NormalTextRun SpellingErrorV2Themed SCXW67395015 BCX0\">d\u2019Infermeres<\/span><span class=\"NormalTextRun SCXW67395015 BCX0\">\u00a0i\u00a0<\/span><span class=\"NormalTextRun SpellingErrorV2Themed SCXW67395015 BCX0\">Infermers<\/span><span class=\"NormalTextRun SCXW67395015 BCX0\">\u00a0de les Illes Balears\u00a0<\/span><span class=\"NormalTextRun SCXW67395015 BCX0\">convoca diverses places per formar part de la Comissi\u00f3 deontol\u00f2gica, d'acord amb l'article 46 dels Estatuts Col\u00b7legials vigents.<\/span><\/span><\/p>\n<p><strong><em>Segons l'Article 46. dels Estatuts Col\u00b7legials.\u00a0<\/em><\/strong><\/p>\n<p><em>\u00abEs formar\u00e0 una Comissi\u00f3 Deontol\u00f2gica formada, com a m\u00ednim, per cinc col\u00b7legiats o col\u00b7legiades nomenats o nomenades per la Junta de Govern, que realitzar\u00e0 els pertinents informes i assessoraments en les q\u00fcestions i assumptes relacionats amb la mat\u00e8ria de la seva compet\u00e8ncia\u00bb.<\/em><\/p>\n<p>Els\/les aspirants hauran d'adjuntar curr\u00edculum i sol\u00b7licitud dirigides a la Junta de Govern del COIBA.<\/p>\n<p>&nbsp;<\/p>\n<p><strong>Bases de la <a href=\"https:\/\/infermeriabalear.com\/wp-content\/uploads\/2026\/04\/CONVOCATO\u0300RIA-NOVES-PLACES-1.pdf\" target=\"_blank\" rel=\"noopener\">convocat\u00f2ria<\/a><\/strong><\/p>\n<p><a href=\"https:\/\/infermeriabalear.com\/ca\/solicitud-miembro-comision\/\" target=\"_blank\" rel=\"noopener\"><strong>Formulari de sol\u00b7licitud<\/strong><\/a><\/p>\n<p>&nbsp;<\/p>\n<p>&nbsp;<\/p>","protected":false},"excerpt":{"rendered":"<p>El plazo para presentar candidaturas es hasta el pr\u00f3ximo d\u00eda 31 de mayo, incluido El Col\u00b7legi Oficial\u00a0d\u2019Infermeres\u00a0i\u00a0Infermers\u00a0de les Illes Balears\u00a0convoca&#8230;<\/p>","protected":false},"author":9,"featured_media":35091,"comment_status":"open","ping_status":"closed","sticky":false,"template":"","format":"standard","meta":{"footnotes":""},"categories":[423,376],"tags":[444,759,481],"class_list":["post-25455","post","type-post","status-publish","format-standard","has-post-thumbnail","hentry","category-docus-deontologica","category-noticias-destacadas-2columna","tag-comision","tag-comision-deontologica","tag-convocatoria"],"_links":{"self":[{"href":"https:\/\/infermeriabalear.com\/ca\/wp-json\/wp\/v2\/posts\/25455","targetHints":{"allow":["GET"]}}],"collection":[{"href":"https:\/\/infermeriabalear.com\/ca\/wp-json\/wp\/v2\/posts"}],"about":[{"href":"https:\/\/infermeriabalear.com\/ca\/wp-json\/wp\/v2\/types\/post"}],"author":[{"embeddable":true,"href":"https:\/\/infermeriabalear.com\/ca\/wp-json\/wp\/v2\/users\/9"}],"replies":[{"embeddable":true,"href":"https:\/\/infermeriabalear.com\/ca\/wp-json\/wp\/v2\/comments?post=25455"}],"version-history":[{"count":9,"href":"https:\/\/infermeriabalear.com\/ca\/wp-json\/wp\/v2\/posts\/25455\/revisions"}],"predecessor-version":[{"id":47439,"href":"https:\/\/infermeriabalear.com\/ca\/wp-json\/wp\/v2\/posts\/25455\/revisions\/47439"}],"wp:featuredmedia":[{"embeddable":true,"href":"https:\/\/infermeriabalear.com\/ca\/wp-json\/wp\/v2\/media\/35091"}],"wp:attachment":[{"href":"https:\/\/infermeriabalear.com\/ca\/wp-json\/wp\/v2\/media?parent=25455"}],"wp:term":[{"taxonomy":"category","embeddable":true,"href":"https:\/\/infermeriabalear.com\/ca\/wp-json\/wp\/v2\/categories?post=25455"},{"taxonomy":"post_tag","embeddable":true,"href":"https:\/\/infermeriabalear.com\/ca\/wp-json\/wp\/v2\/tags?post=25455"}],"curies":[{"name":"wp","href":"https:\/\/api.w.org\/{rel}","templated":true}]}}