{"id":26406,"date":"2022-01-12T09:50:09","date_gmt":"2022-01-12T08:50:09","guid":{"rendered":"https:\/\/infermeriabalear.com\/?p=26406"},"modified":"2022-01-12T11:27:12","modified_gmt":"2022-01-12T10:27:12","slug":"el-coiba-no-apoya-la-privatizacion-gestion-bajas-covid19","status":"publish","type":"post","link":"https:\/\/infermeriabalear.com\/ca\/2022\/01\/12\/el-coiba-no-apoya-la-privatizacion-gestion-bajas-covid19\/","title":{"rendered":"El COIBA no dona suport a la privatitzaci\u00f3 de la gesti\u00f3 de les baixes per COVID19"},"content":{"rendered":"<p>Davant una informaci\u00f3 incorrecta publicada en premsa, el Col\u00b7legi Oficial d\u2019Infermeria de les Illes Balears vol aclarir que no dona suport al nou sistema que proposa la Conselleria de Salut perqu\u00e8 les oficines de farm\u00e0cia puguin realitzar test d\u2019ant\u00edgens i tramitar les baixes laborals de les persones afectades per COVID19. El COIBA considera que aquesta mesura suposa la privatitzaci\u00f3 d\u2019una activitat que hauria de fer el sistema p\u00fablic.<\/p>\n<p>Qui o on es fan els tests d'ant\u00edgens, que els pacients es realitzen a casa seva com autotests, no \u00e9s tan important. El problema \u00e9s que, en lloc de dotar de recursos i invertir en la sanitat p\u00fablica, s\u2019est\u00e0 privatitzant una activitat m\u00e9s que hauria de fer el sistema p\u00fablic. El COIBA considera que s\u2019haurien de refor\u00e7ar els recursos p\u00fablics, no privatitzar els serveis als ciutadans.<\/p>\n<p><img loading=\"lazy\" decoding=\"async\" class=\"size-full wp-image-26407 aligncenter\" src=\"https:\/\/infermeriabalear.com\/wp-content\/uploads\/2022\/01\/COIBA-critica-improvisacion-y-merma-de-lo-publico.bmp\" alt=\"\" width=\"955\" height=\"539\" \/><\/p>","protected":false},"excerpt":{"rendered":"<p>Ante una informaci\u00f3n incorrecta publicada en prensa, el Colegio Oficial de Enfermer\u00eda de las Islas Baleares quiere aclarar que no&#8230;<\/p>","protected":false},"author":9,"featured_media":17697,"comment_status":"open","ping_status":"closed","sticky":false,"template":"","format":"standard","meta":{"footnotes":""},"categories":[376,315],"tags":[680,648,679,681,678],"class_list":["post-26406","post","type-post","status-publish","format-standard","has-post-thumbnail","hentry","category-noticias-destacadas-2columna","category-noticias","tag-bajas","tag-covid19","tag-farmacias","tag-privatizacion","tag-tests-antigenos"],"_links":{"self":[{"href":"https:\/\/infermeriabalear.com\/ca\/wp-json\/wp\/v2\/posts\/26406","targetHints":{"allow":["GET"]}}],"collection":[{"href":"https:\/\/infermeriabalear.com\/ca\/wp-json\/wp\/v2\/posts"}],"about":[{"href":"https:\/\/infermeriabalear.com\/ca\/wp-json\/wp\/v2\/types\/post"}],"author":[{"embeddable":true,"href":"https:\/\/infermeriabalear.com\/ca\/wp-json\/wp\/v2\/users\/9"}],"replies":[{"embeddable":true,"href":"https:\/\/infermeriabalear.com\/ca\/wp-json\/wp\/v2\/comments?post=26406"}],"version-history":[{"count":2,"href":"https:\/\/infermeriabalear.com\/ca\/wp-json\/wp\/v2\/posts\/26406\/revisions"}],"predecessor-version":[{"id":26409,"href":"https:\/\/infermeriabalear.com\/ca\/wp-json\/wp\/v2\/posts\/26406\/revisions\/26409"}],"wp:featuredmedia":[{"embeddable":true,"href":"https:\/\/infermeriabalear.com\/ca\/wp-json\/wp\/v2\/media\/17697"}],"wp:attachment":[{"href":"https:\/\/infermeriabalear.com\/ca\/wp-json\/wp\/v2\/media?parent=26406"}],"wp:term":[{"taxonomy":"category","embeddable":true,"href":"https:\/\/infermeriabalear.com\/ca\/wp-json\/wp\/v2\/categories?post=26406"},{"taxonomy":"post_tag","embeddable":true,"href":"https:\/\/infermeriabalear.com\/ca\/wp-json\/wp\/v2\/tags?post=26406"}],"curies":[{"name":"wp","href":"https:\/\/api.w.org\/{rel}","templated":true}]}}