{"id":27059,"date":"2022-02-15T11:36:51","date_gmt":"2022-02-15T10:36:51","guid":{"rendered":"https:\/\/infermeriabalear.com\/?p=27059"},"modified":"2022-02-15T13:44:35","modified_gmt":"2022-02-15T12:44:35","slug":"coiba-defiende-competencias-aj-palma","status":"publish","type":"post","link":"https:\/\/infermeriabalear.com\/ca\/2022\/02\/15\/coiba-defiende-competencias-aj-palma\/","title":{"rendered":"El COIBA defensa les compet\u00e8ncies de les infermeres davant l\u2019Ajuntament de Palma"},"content":{"rendered":"<p>La presidenta, Maria Jos\u00e9 Sastre, argumenta en una reuni\u00f3 amb la regidora de Salut, Elena Navarro, que les infermeres han de poder d\u2019optar al llocs de \u201cCap de Servei\u201d de l\u2019Ajuntament , en base a la seva formaci\u00f3 i compet\u00e8ncia<\/p>\n<p>&nbsp;<\/p>\n<p>La presidenta del Col\u00b7legi Oficial d\u2019Infermeria de les Illes Balears, Maria Jos\u00e9 Sastre, es va reunir recentment amb la regidora de Turisme, Sanitat i Consum de l\u2019Ajuntament de Palma, Elena Navarro Duch i el director general de Sanitat i Consum, Joaqu\u00edn de Mar\u00eda Arrebola.<\/p>\n<p>Sastre va traslladar a l\u2019Ajuntament la preocupaci\u00f3 del COIBA perqu\u00e8 les infermeres no puguin optar al llocs de Cap de Servei.  En la seva darrera convocat\u00f2ria, l\u2019Ajuntament va dirigir la vacant de \u201cCap de Servei de Consum i Salut\u201d \u00fanicament a personal de l\u2019Administraci\u00f3 Especial, amb categoria professional subgrup A1. D\u2019aquesta forma, quedava vetat l\u2019acc\u00e9s a les infermeres.<\/p>\n<p>No obstant aix\u00f2, la realitat \u00e9s que \u201cel perfil  i les funcions de la convocat\u00f2ria publicada encaixen perfectament amb les compet\u00e8ncies i capacitats de les infermeres\u201d, va explicar la presidenta del COIBA , qui va fer un rep\u00e0s de les compet\u00e8ncies recollides en les diverses normatives reguladores dels estudis d\u2019Infermeria i tamb\u00e9 en la formaci\u00f3 d\u2019infermera especialista familiar i comunit\u00e0ria.<\/p>\n<p>A m\u00e9s, va recordar que les infermeres desenvolupen un treball clau i imprescindible en el marc de la salut comunit\u00e0ria, i espec\u00edficament en la promoci\u00f3 de la salut, que \u00e9s una de les principals responsabilitats de la pla\u00e7a de Cap de Servei de Consum i Salut.<\/p>\n<p>Des del COIBA s\u2019ha demanat a l\u2019Ajuntament que, en una futura convocat\u00f2ria, s\u2019inclogui al a les infermeres. Igualment, l\u2019\u00f2rgan col\u00b7legial ha sol\u00b7licitat una c\u00f2pia de la Relaci\u00f3 de Llocs de Treball (RLT) amb l\u2019objectiu de revisar totes les places i perfils demanats.<\/p>\n<p>Des de l\u2019Ajuntament, es van escoltar els motius del COIBA i s\u2019ha pres nota per analitzar la q\u00fcesti\u00f3 amb el departament de personal i funci\u00f3 p\u00fablica, que \u00e9s el responsable de la modificaci\u00f3 o gesti\u00f3 de les RLT.<\/p>","protected":false},"excerpt":{"rendered":"<p>La presidenta, Maria Jos\u00e9 Sastre, argumenta en una reuni\u00f3n con la regidora de Salud, Elena Navarro, que las enfermeras puedan&#8230;<\/p>","protected":false},"author":9,"featured_media":27060,"comment_status":"open","ping_status":"closed","sticky":false,"template":"","format":"standard","meta":{"footnotes":""},"categories":[315,370],"tags":[738,707],"class_list":["post-27059","post","type-post","status-publish","format-standard","has-post-thumbnail","hentry","category-noticias","category-noticias-destacadas","tag-ayuntamiento-palma","tag-competencias"],"_links":{"self":[{"href":"https:\/\/infermeriabalear.com\/ca\/wp-json\/wp\/v2\/posts\/27059","targetHints":{"allow":["GET"]}}],"collection":[{"href":"https:\/\/infermeriabalear.com\/ca\/wp-json\/wp\/v2\/posts"}],"about":[{"href":"https:\/\/infermeriabalear.com\/ca\/wp-json\/wp\/v2\/types\/post"}],"author":[{"embeddable":true,"href":"https:\/\/infermeriabalear.com\/ca\/wp-json\/wp\/v2\/users\/9"}],"replies":[{"embeddable":true,"href":"https:\/\/infermeriabalear.com\/ca\/wp-json\/wp\/v2\/comments?post=27059"}],"version-history":[{"count":2,"href":"https:\/\/infermeriabalear.com\/ca\/wp-json\/wp\/v2\/posts\/27059\/revisions"}],"predecessor-version":[{"id":27079,"href":"https:\/\/infermeriabalear.com\/ca\/wp-json\/wp\/v2\/posts\/27059\/revisions\/27079"}],"wp:featuredmedia":[{"embeddable":true,"href":"https:\/\/infermeriabalear.com\/ca\/wp-json\/wp\/v2\/media\/27060"}],"wp:attachment":[{"href":"https:\/\/infermeriabalear.com\/ca\/wp-json\/wp\/v2\/media?parent=27059"}],"wp:term":[{"taxonomy":"category","embeddable":true,"href":"https:\/\/infermeriabalear.com\/ca\/wp-json\/wp\/v2\/categories?post=27059"},{"taxonomy":"post_tag","embeddable":true,"href":"https:\/\/infermeriabalear.com\/ca\/wp-json\/wp\/v2\/tags?post=27059"}],"curies":[{"name":"wp","href":"https:\/\/api.w.org\/{rel}","templated":true}]}}