{"id":27436,"date":"2022-03-08T13:38:44","date_gmt":"2022-03-08T12:38:44","guid":{"rendered":"https:\/\/infermeriabalear.com\/?p=27436"},"modified":"2022-03-11T09:31:13","modified_gmt":"2022-03-11T08:31:13","slug":"adhesion-a-la-declaracion-institucional-papageno","status":"publish","type":"post","link":"https:\/\/infermeriabalear.com\/ca\/2022\/03\/08\/adhesion-a-la-declaracion-institucional-papageno\/","title":{"rendered":"Les infermeres de Balears s\u2019adhereixen a la declaraci\u00f3 institucional de Papageno en relaci\u00f3 al su\u00efcidi"},"content":{"rendered":"<p><em>Demanen un pla real per a l\u2019abordatge i la prevenci\u00f3 de les conductes su\u00efcides<\/em><\/p>\n<p>&nbsp;<\/p>\n<p>El Col\u00b7legi Oficial d\u2019Infermeria de les Illes Balears (COIBA) s\u2019ha sumat al posicionament i les reivindicacions del grup de Professionals en prevenci\u00f3 i postvenci\u00f3 del su\u00efcidi (Papageno) en relaci\u00f3 a la necessitat d\u2019un pla real per a l\u2019abordatge i la prevenci\u00f3 de les conductes su\u00efcides.<\/p>\n<p>A proposta de la Comissi\u00f3 del COIBA per a la prevenci\u00f3 del su\u00efcidi, la Junta del COIBA ha decidit sumar-se a les reivindicacions d\u2019aquest grup. El COIBA comparteix la seva preocupaci\u00f3 i dona suport a les seves peticions, amb el desig que d\u2019una vegada la salut mental i les conductes su\u00efcides siguin abordades com el problema real de salut p\u00fablica i social que s\u00f3n.<\/p>\n<p>El COIBA tamb\u00e9 es posa a disposici\u00f3 de Papageno per donar recolzament a totes les iniciatives en qu\u00e8 es pugui col\u00b7laborar.<\/p>\n<p>Aquesta \u00e9s la <a href=\"http:\/\/papageno.es\/declaracion-institucional-papageno-suicidio-abordaje-integral-plan-prevencion\">declaraci\u00f3 institucional de Papageno<\/a>.<\/p>","protected":false},"excerpt":{"rendered":"<p>Piden un plan real para el abordaje y la prevenci\u00f3n de las conductas suicidas &nbsp; El Col\u00b7legi Oficial d&#8217;Infermeria de&#8230;<\/p>","protected":false},"author":9,"featured_media":27438,"comment_status":"open","ping_status":"closed","sticky":false,"template":"","format":"standard","meta":{"footnotes":""},"categories":[315],"tags":[766,767,548,477],"class_list":["post-27436","post","type-post","status-publish","format-standard","has-post-thumbnail","hentry","category-noticias","tag-declaracion-institucional","tag-papageno","tag-salud-mental","tag-suicidio"],"_links":{"self":[{"href":"https:\/\/infermeriabalear.com\/ca\/wp-json\/wp\/v2\/posts\/27436","targetHints":{"allow":["GET"]}}],"collection":[{"href":"https:\/\/infermeriabalear.com\/ca\/wp-json\/wp\/v2\/posts"}],"about":[{"href":"https:\/\/infermeriabalear.com\/ca\/wp-json\/wp\/v2\/types\/post"}],"author":[{"embeddable":true,"href":"https:\/\/infermeriabalear.com\/ca\/wp-json\/wp\/v2\/users\/9"}],"replies":[{"embeddable":true,"href":"https:\/\/infermeriabalear.com\/ca\/wp-json\/wp\/v2\/comments?post=27436"}],"version-history":[{"count":1,"href":"https:\/\/infermeriabalear.com\/ca\/wp-json\/wp\/v2\/posts\/27436\/revisions"}],"predecessor-version":[{"id":27437,"href":"https:\/\/infermeriabalear.com\/ca\/wp-json\/wp\/v2\/posts\/27436\/revisions\/27437"}],"wp:featuredmedia":[{"embeddable":true,"href":"https:\/\/infermeriabalear.com\/ca\/wp-json\/wp\/v2\/media\/27438"}],"wp:attachment":[{"href":"https:\/\/infermeriabalear.com\/ca\/wp-json\/wp\/v2\/media?parent=27436"}],"wp:term":[{"taxonomy":"category","embeddable":true,"href":"https:\/\/infermeriabalear.com\/ca\/wp-json\/wp\/v2\/categories?post=27436"},{"taxonomy":"post_tag","embeddable":true,"href":"https:\/\/infermeriabalear.com\/ca\/wp-json\/wp\/v2\/tags?post=27436"}],"curies":[{"name":"wp","href":"https:\/\/api.w.org\/{rel}","templated":true}]}}