{"id":28662,"date":"2022-06-01T12:17:20","date_gmt":"2022-06-01T10:17:20","guid":{"rendered":"https:\/\/infermeriabalear.com\/?p=28662"},"modified":"2022-06-13T09:23:02","modified_gmt":"2022-06-13T07:23:02","slug":"bienvenida_nuevos_eir_2022","status":"publish","type":"post","link":"https:\/\/infermeriabalear.com\/ca\/2022\/06\/01\/bienvenida_nuevos_eir_2022\/","title":{"rendered":"Jornada de benvinguda del COIBA a les noves infermeres residents"},"content":{"rendered":"<p>Les noves Infermeres Internes Residents just han comen\u00e7at el seu cam\u00ed a la pla\u00e7a que han triat, aix\u00ed que des del COIBA els hi volem donar la benvinguda explicant que pot fer el seu Col\u00b7legi per elles i informant-les de tots els serveis que posam a la seva disposici\u00f3.<\/p>\r\n<p>Per aquest motiu, tindrem una jornada de \u00abportes obertes\u00bb el pr\u00f2xim 9 de juny, a partir de les 17:30 h, a la seu de Palma (Carrer Almirall Gravina, 1, baixos) i a la seu d'Eivissa (C\/ Abad y Lasierra, 2 \u2013 Principal. Of. 10), amb la qual connectarem per videoconfer\u00e8ncia.<\/p>\r\n<p>Les persones que vulguin venir s'han d'inscriure aqu\u00ed: <a href=\"https:\/\/forms.gle\/EudiAmVW1M7dujz39\" target=\"_blank\" rel=\"noopener\">formulari d'inscripci\u00f3<\/a><\/p>\r\n<p><a href=\"https:\/\/infermeriabalear.com\/wp-content\/uploads\/2022\/06\/Twitter_benvinguda_CAT.png\"><img loading=\"lazy\" decoding=\"async\" class=\"alignleft wp-image-28702\" src=\"https:\/\/infermeriabalear.com\/wp-content\/uploads\/2022\/06\/Twitter_benvinguda_CAT.png\" alt=\"\" width=\"883\" height=\"497\" srcset=\"https:\/\/infermeriabalear.com\/wp-content\/uploads\/2022\/06\/Twitter_benvinguda_CAT.png 1600w, https:\/\/infermeriabalear.com\/wp-content\/uploads\/2022\/06\/Twitter_benvinguda_CAT-300x169.png 300w, https:\/\/infermeriabalear.com\/wp-content\/uploads\/2022\/06\/Twitter_benvinguda_CAT-400x225.png 400w, https:\/\/infermeriabalear.com\/wp-content\/uploads\/2022\/06\/Twitter_benvinguda_CAT-768x432.png 768w, https:\/\/infermeriabalear.com\/wp-content\/uploads\/2022\/06\/Twitter_benvinguda_CAT-1536x864.png 1536w, https:\/\/infermeriabalear.com\/wp-content\/uploads\/2022\/06\/Twitter_benvinguda_CAT-18x10.png 18w\" sizes=\"auto, (max-width: 883px) 100vw, 883px\" \/><\/a><\/p>\r\n<p>&nbsp;<\/p>\r\n\r\n<p>&nbsp;<\/p>","protected":false},"excerpt":{"rendered":"<p>Las nuevas Enfermeras Internas Residentes justo han comenzado su camino en la plaza que han elegido, as\u00ed que desde el&#8230;<\/p>","protected":false},"author":9,"featured_media":28703,"comment_status":"open","ping_status":"closed","sticky":false,"template":"","format":"standard","meta":{"footnotes":""},"categories":[314],"tags":[843,473,527],"class_list":["post-28662","post","type-post","status-publish","format-standard","has-post-thumbnail","hentry","category-eventos-coiba","tag-bienvenida","tag-eir","tag-jornada"],"_links":{"self":[{"href":"https:\/\/infermeriabalear.com\/ca\/wp-json\/wp\/v2\/posts\/28662","targetHints":{"allow":["GET"]}}],"collection":[{"href":"https:\/\/infermeriabalear.com\/ca\/wp-json\/wp\/v2\/posts"}],"about":[{"href":"https:\/\/infermeriabalear.com\/ca\/wp-json\/wp\/v2\/types\/post"}],"author":[{"embeddable":true,"href":"https:\/\/infermeriabalear.com\/ca\/wp-json\/wp\/v2\/users\/9"}],"replies":[{"embeddable":true,"href":"https:\/\/infermeriabalear.com\/ca\/wp-json\/wp\/v2\/comments?post=28662"}],"version-history":[{"count":4,"href":"https:\/\/infermeriabalear.com\/ca\/wp-json\/wp\/v2\/posts\/28662\/revisions"}],"predecessor-version":[{"id":28704,"href":"https:\/\/infermeriabalear.com\/ca\/wp-json\/wp\/v2\/posts\/28662\/revisions\/28704"}],"wp:featuredmedia":[{"embeddable":true,"href":"https:\/\/infermeriabalear.com\/ca\/wp-json\/wp\/v2\/media\/28703"}],"wp:attachment":[{"href":"https:\/\/infermeriabalear.com\/ca\/wp-json\/wp\/v2\/media?parent=28662"}],"wp:term":[{"taxonomy":"category","embeddable":true,"href":"https:\/\/infermeriabalear.com\/ca\/wp-json\/wp\/v2\/categories?post=28662"},{"taxonomy":"post_tag","embeddable":true,"href":"https:\/\/infermeriabalear.com\/ca\/wp-json\/wp\/v2\/tags?post=28662"}],"curies":[{"name":"wp","href":"https:\/\/api.w.org\/{rel}","templated":true}]}}