{"id":31536,"date":"2023-01-25T16:49:16","date_gmt":"2023-01-25T15:49:16","guid":{"rendered":"https:\/\/infermeriabalear.com\/?p=31536"},"modified":"2023-01-25T16:59:15","modified_gmt":"2023-01-25T15:59:15","slug":"el-nuevo-decreto-de-accesibilidad-universal-contempla-la-creacion-de-un-consejo-para-la-accesibilidad-donde-lo-coiba-estara-presente","status":"publish","type":"post","link":"https:\/\/infermeriabalear.com\/ca\/2023\/01\/25\/el-nuevo-decreto-de-accesibilidad-universal-contempla-la-creacion-de-un-consejo-para-la-accesibilidad-donde-lo-coiba-estara-presente\/","title":{"rendered":"El decret d\u2019accessibilitat crea un Consell per a l\u2019Accessibilitat, que tendr\u00e0 representaci\u00f3 del COIBA"},"content":{"rendered":"<p><em>La mirada infermera suposar\u00e0 comptar amb una perspectiva integral de les persones amb discapacitat<\/em><\/p>\n<p>La vicepresidenta del COIBA, Raquel Mu\u00f1oz, ha estat a la presentaci\u00f3 d'un nou decret d'accessibilitat universal en espais d'\u00fas p\u00fablic per part del Govern de les Illes Balears. Abans de la seva aprovaci\u00f3 al Consell de Govern, la presidenta  del Govern, Francina Armengol; la consellera de Presid\u00e8ncia, Funci\u00f3 P\u00fablica i Igualtat, Mercedes Garrido; i el conseller de Mobilitat i Habitatge, Josep Mar\u00ed; han presentat a entitats i col\u00b7legis professionals la versi\u00f3 final d\u2019aquest nou decret que recull mesures i requisits per tal que els espais p\u00fablics siguin practicables, utilitzables i comprensibles per totes les persones de manera c\u00f2moda, segura i aut\u00f2noma. Un Decret que actualitza el que recull la llei vigent d\u2019accessibilitat universal 8\/2017 del 3 d\u2019agost.<\/p>\n<p>Aquest nou decret, entre altres q\u00fcestions, contempla la creaci\u00f3 d\u2019un Consell per a l\u2019Accessibilitat que comptar\u00e0 amb representants dels col\u00b7legis professionals de metges, psic\u00f2legs i infermeres (entre d\u2019altres). Raquel Mu\u00f1oz ha valorat molt positivament aquest fet, ja que suposa que es tendr\u00e0 compte la mirada infermera en aquest canvi cap a la igualtat de drets en l\u2019acc\u00e9s als serveis p\u00fablics. L\u2019accessibilitat va molt m\u00e9s enll\u00e0 de les barreres arquitect\u00f2niques i la aportaci\u00f3 de les infermeres representades pel COIBA, es centrar\u00e0 en el seu paper fonamental com a professionals de refer\u00e8ncia a nivell de salut, cura i atenci\u00f3 integral per a moltes persones amb algun tipus de discapacitat o necessitats espec\u00edfiques. Una cura que a m\u00e9s es t\u00e9 des de diferents \u00e0mbits, el que permet que es tracti d\u2019una perspectiva global.<\/p>\n<p>Per altra banda, la vicepresidenta del COIBA tamb\u00e9 ha destacat que s\u2019hagi incl\u00f2s normativa relacionada amb l\u2019accessibilitat cognitiva, que a la llei anterior no es recollia.<\/p>","protected":false},"excerpt":{"rendered":"<p>La mirada enfermera supondr\u00e1 contar con una perspectiva integral de las personas con discapacidad La vicepresidenta del COIBA, Raquel Mu\u00f1oz,&#8230;<\/p>","protected":false},"author":19,"featured_media":31540,"comment_status":"open","ping_status":"closed","sticky":false,"template":"","format":"standard","meta":{"footnotes":""},"categories":[315,370],"tags":[984,549,982,981],"class_list":["post-31536","post","type-post","status-publish","format-standard","has-post-thumbnail","hentry","category-noticias","category-noticias-destacadas","tag-accesibilidad","tag-enfermeras","tag-inclusion","tag-social"],"_links":{"self":[{"href":"https:\/\/infermeriabalear.com\/ca\/wp-json\/wp\/v2\/posts\/31536","targetHints":{"allow":["GET"]}}],"collection":[{"href":"https:\/\/infermeriabalear.com\/ca\/wp-json\/wp\/v2\/posts"}],"about":[{"href":"https:\/\/infermeriabalear.com\/ca\/wp-json\/wp\/v2\/types\/post"}],"author":[{"embeddable":true,"href":"https:\/\/infermeriabalear.com\/ca\/wp-json\/wp\/v2\/users\/19"}],"replies":[{"embeddable":true,"href":"https:\/\/infermeriabalear.com\/ca\/wp-json\/wp\/v2\/comments?post=31536"}],"version-history":[{"count":5,"href":"https:\/\/infermeriabalear.com\/ca\/wp-json\/wp\/v2\/posts\/31536\/revisions"}],"predecessor-version":[{"id":31552,"href":"https:\/\/infermeriabalear.com\/ca\/wp-json\/wp\/v2\/posts\/31536\/revisions\/31552"}],"wp:featuredmedia":[{"embeddable":true,"href":"https:\/\/infermeriabalear.com\/ca\/wp-json\/wp\/v2\/media\/31540"}],"wp:attachment":[{"href":"https:\/\/infermeriabalear.com\/ca\/wp-json\/wp\/v2\/media?parent=31536"}],"wp:term":[{"taxonomy":"category","embeddable":true,"href":"https:\/\/infermeriabalear.com\/ca\/wp-json\/wp\/v2\/categories?post=31536"},{"taxonomy":"post_tag","embeddable":true,"href":"https:\/\/infermeriabalear.com\/ca\/wp-json\/wp\/v2\/tags?post=31536"}],"curies":[{"name":"wp","href":"https:\/\/api.w.org\/{rel}","templated":true}]}}