{"id":32778,"date":"2023-04-20T12:58:46","date_gmt":"2023-04-20T10:58:46","guid":{"rendered":"https:\/\/infermeriabalear.com\/?p=32778"},"modified":"2023-05-03T17:10:30","modified_gmt":"2023-05-03T15:10:30","slug":"webinar-asma-grave","status":"publish","type":"post","link":"https:\/\/infermeriabalear.com\/ca\/2023\/04\/20\/webinar-asma-grave\/","title":{"rendered":"Webinar \u00abOptimitzant el maneig integral de l'asma greu\u00bb"},"content":{"rendered":"<p>La Comissi\u00f3 de Cures Respirat\u00f2ries del COIBA ha preparat aquest webinar formatiu amb l'objectiu que les infermeres, aix\u00ed com els altres professionals sanitaris interessats, puguin actualitzar els seus coneixements sobre el maneig de l'asma greu. El faran de la m\u00e0 de David D\u00edaz P\u00e9rez, infermer respiratori del Servicio Canario de la Salud, i amb l\u2019aval de l\u2019Associaci\u00f3 Illenca de Respiratori (AIRE). Presenta: Josep Llu\u00eds Valera, infermer del Laboratori de funci\u00f3 pulmonar de l'Hospital Universitari Son Espases.<\/p>\n<p>La sessi\u00f3 es desenvolupar\u00e0 de forma online i podr\u00e0 seguir-se en directe des del nostre <a href=\"https:\/\/www.youtube.com\/@InfermeriaBalear1\/streams\" target=\"_blank\" rel=\"noopener\">canal de YouTube (AQU\u00cd)<\/a><\/p>\n<p><strong>Quan? El 2 de maig a les 17:00 h.<\/strong> No \u00e9s necess\u00e0ria inscripci\u00f3 pr\u00e8via.<\/p>\n<p><a href=\"https:\/\/infermeriabalear.com\/wp-content\/uploads\/2023\/04\/Webinar-asma_Twitter.png\"><img loading=\"lazy\" decoding=\"async\" class=\"alignleft wp-image-32779\" src=\"https:\/\/infermeriabalear.com\/wp-content\/uploads\/2023\/04\/Webinar-asma_Twitter.png\" alt=\"\" width=\"750\" height=\"422\" srcset=\"https:\/\/infermeriabalear.com\/wp-content\/uploads\/2023\/04\/Webinar-asma_Twitter.png 1600w, https:\/\/infermeriabalear.com\/wp-content\/uploads\/2023\/04\/Webinar-asma_Twitter-300x169.png 300w, https:\/\/infermeriabalear.com\/wp-content\/uploads\/2023\/04\/Webinar-asma_Twitter-400x225.png 400w, https:\/\/infermeriabalear.com\/wp-content\/uploads\/2023\/04\/Webinar-asma_Twitter-768x432.png 768w, https:\/\/infermeriabalear.com\/wp-content\/uploads\/2023\/04\/Webinar-asma_Twitter-1536x864.png 1536w, https:\/\/infermeriabalear.com\/wp-content\/uploads\/2023\/04\/Webinar-asma_Twitter-18x10.png 18w\" sizes=\"auto, (max-width: 750px) 100vw, 750px\" \/><\/a><\/p>","protected":false},"excerpt":{"rendered":"<p>La Comisi\u00f3n de Cuidados Respiratorios del COIBA ha preparado este webinar formativo con el objetivo de que las enfermeras, as\u00ed&#8230;<\/p>","protected":false},"author":9,"featured_media":32779,"comment_status":"open","ping_status":"closed","sticky":false,"template":"","format":"standard","meta":{"footnotes":""},"categories":[314],"tags":[1023,800,591,715,842,525],"class_list":["post-32778","post","type-post","status-publish","format-standard","has-post-thumbnail","hentry","category-eventos-coiba","tag-asma","tag-charla","tag-comision-cuidados-respiratorios","tag-respiratorio","tag-sesion","tag-webinar"],"_links":{"self":[{"href":"https:\/\/infermeriabalear.com\/ca\/wp-json\/wp\/v2\/posts\/32778","targetHints":{"allow":["GET"]}}],"collection":[{"href":"https:\/\/infermeriabalear.com\/ca\/wp-json\/wp\/v2\/posts"}],"about":[{"href":"https:\/\/infermeriabalear.com\/ca\/wp-json\/wp\/v2\/types\/post"}],"author":[{"embeddable":true,"href":"https:\/\/infermeriabalear.com\/ca\/wp-json\/wp\/v2\/users\/9"}],"replies":[{"embeddable":true,"href":"https:\/\/infermeriabalear.com\/ca\/wp-json\/wp\/v2\/comments?post=32778"}],"version-history":[{"count":5,"href":"https:\/\/infermeriabalear.com\/ca\/wp-json\/wp\/v2\/posts\/32778\/revisions"}],"predecessor-version":[{"id":32794,"href":"https:\/\/infermeriabalear.com\/ca\/wp-json\/wp\/v2\/posts\/32778\/revisions\/32794"}],"wp:featuredmedia":[{"embeddable":true,"href":"https:\/\/infermeriabalear.com\/ca\/wp-json\/wp\/v2\/media\/32779"}],"wp:attachment":[{"href":"https:\/\/infermeriabalear.com\/ca\/wp-json\/wp\/v2\/media?parent=32778"}],"wp:term":[{"taxonomy":"category","embeddable":true,"href":"https:\/\/infermeriabalear.com\/ca\/wp-json\/wp\/v2\/categories?post=32778"},{"taxonomy":"post_tag","embeddable":true,"href":"https:\/\/infermeriabalear.com\/ca\/wp-json\/wp\/v2\/tags?post=32778"}],"curies":[{"name":"wp","href":"https:\/\/api.w.org\/{rel}","templated":true}]}}