{"id":35046,"date":"2023-09-19T20:06:13","date_gmt":"2023-09-19T18:06:13","guid":{"rendered":"https:\/\/infermeriabalear.com\/?p=35046"},"modified":"2023-09-20T16:38:14","modified_gmt":"2023-09-20T14:38:14","slug":"la-nueva-junta-del-gobierno-del-coiba-intensificara-las-acciones-de-cuidado-de-la-salud-de-las-enfermeras-y-de-defensa-de-sus-competencias","status":"publish","type":"post","link":"https:\/\/infermeriabalear.com\/ca\/2023\/09\/19\/la-nueva-junta-del-gobierno-del-coiba-intensificara-las-acciones-de-cuidado-de-la-salud-de-las-enfermeras-y-de-defensa-de-sus-competencias\/","title":{"rendered":"La nova Junta de Govern intensificar\u00e0 les accions de cura de la salut de les infermeres i la defensa de compet\u00e8ncies"},"content":{"rendered":"<p>La presidenta del Col\u00b7legi Oficial d\u2019Infermeres i Infermers de les Illes Balears (COIBA), Maria Jos\u00e9 Sastre, ha presentat als membres que, juntament amb ella, integren la Junta de Govern que gestionar\u00e0 l\u2019\u00f2rgan col\u00b7legial els pr\u00f2xims quatre anys. Ho ha fet durant un acte en el qual tamb\u00e9 ha explicat que les principals l\u00ednies de feina seran la cura i suport dels professionals en la seva pr\u00e0ctica di\u00e0ria, la defensa i major desenvolupament de les seves compet\u00e8ncies i especialitats, aix\u00ed com de la prescripci\u00f3 infermera, i l\u2019augment del nombre i les r\u00e0tios infermeres, entre d\u2019altres.<\/p>\n<p>El principal objectiu del COIBA \u00e9s tenir cura dels professionals des de diferents vessants. En aquest sentit, la presidenta ha explicat que es donar\u00e0 continu\u00eftat al full de de ruta iniciat per l\u2019anterior Junta de Govern, al qual s\u2019afegiran nous programes i accions. A m\u00e9s de les assessories psicoemocional, jur\u00eddica, de recerca i en temes deontol\u00f2gics, es vol intensificar, concretament, l\u2019atenci\u00f3 a la salut amb un nou servei d\u2019ajuda als col\u00b7legiats amb problemes de salut mental i addiccions, ha anunciat la presidenta del COIBA.<\/p>\n<p>A m\u00e9s, es treballar\u00e0 en la realitzaci\u00f3 d\u2019un estudi sobre les necessitats d\u2019infermeres en els anys vinents segons les necessitats de cures i els canvis en la poblaci\u00f3, que detalli com s\u2019ha d\u2019invertir a augmentar el nombre d\u2019infermeres per poder fer front als reptes sanitaris actuals i futurs. \u201cLes r\u00e0tios infermeres actuals fan complicat donar la qualitat de les cures que mereixen els ciutadans. La manca d\u2019infermeres suposa un perill per a la seguretat del pacient i implica una minva d\u2019atenci\u00f3 a les persones sanes, aquelles que haur\u00edem de poder atendre amb consultes i programes per a la prevenci\u00f3 de la malaltia i la promoci\u00f3 de la salut\u201d, ha detallat la presidenta.<\/p>\n<p>Entre els principals reptes del nou mandat, Sastre tamb\u00e9 ha destacat la defensa i desenvolupament de les compet\u00e8ncies professionals, especialment pel que fa a la gesti\u00f3, i de la prescripci\u00f3 infermera que, malgrat ser ja possible, queda pendent encara treballar en l'ordenaci\u00f3 legal de la inclusi\u00f3 de les infermeres com a professionals prescriptores en l'\u00e0mbit de les seves compet\u00e8ncies.<\/p>\n<p>L\u2019acte ha comptat amb la pres\u00e8ncia de la consellera de Salut del Govern de les Illes Balears, Manuela Garc\u00eda, i de la consellera de Fam\u00edlies i Afers Socials, Catalina Cirer; les quals han dedicat unes paraules a la nova Junta; aix\u00ed com del conseller insular i president de l\u2019IMAS, Guillermo S\u00e1nchez; el director general del Servei de Salut, Javier Ure\u00f1a; i representants d\u2019altres col\u00b7legis professionals com del Col\u00b7legi Oficial de Psicologia, el de fisioterapeutes i el de metges, entre altres autoritats.<\/p>\n\n\t\t<style type=\"text\/css\">\n\t\t\t#gallery-1 {\n\t\t\t\tmargin: auto;\n\t\t\t}\n\t\t\t#gallery-1 .gallery-item {\n\t\t\t\tfloat: left;\n\t\t\t\tmargin-top: 10px;\n\t\t\t\ttext-align: center;\n\t\t\t\twidth: 33%;\n\t\t\t}\n\t\t\t#gallery-1 img {\n\t\t\t\tborder: 2px solid #cfcfcf;\n\t\t\t}\n\t\t\t#gallery-1 .gallery-caption {\n\t\t\t\tmargin-left: 0;\n\t\t\t}\n\t\t\t\/* see gallery_shortcode() in wp-includes\/media.php *\/\n\t\t<\/style>\n\t\t<div id='gallery-1' class='gallery galleryid-35046 gallery-columns-3 gallery-size-large'><dl class='gallery-item'>\n\t\t\t<dt class='gallery-icon landscape'>\n\t\t\t\t<a href='https:\/\/infermeriabalear.com\/ca\/2023\/09\/19\/la-nueva-junta-del-gobierno-del-coiba-intensificara-las-acciones-de-cuidado-de-la-salud-de-las-enfermeras-y-de-defensa-de-sus-competencias\/image00003\/'><img loading=\"lazy\" decoding=\"async\" width=\"400\" height=\"300\" src=\"https:\/\/infermeriabalear.com\/wp-content\/uploads\/2023\/09\/image00003-400x300.jpeg\" class=\"attachment-large size-large\" alt=\"\" srcset=\"https:\/\/infermeriabalear.com\/wp-content\/uploads\/2023\/09\/image00003-400x300.jpeg 400w, https:\/\/infermeriabalear.com\/wp-content\/uploads\/2023\/09\/image00003-300x225.jpeg 300w, https:\/\/infermeriabalear.com\/wp-content\/uploads\/2023\/09\/image00003-768x576.jpeg 768w, https:\/\/infermeriabalear.com\/wp-content\/uploads\/2023\/09\/image00003-1536x1152.jpeg 1536w, https:\/\/infermeriabalear.com\/wp-content\/uploads\/2023\/09\/image00003-2048x1536.jpeg 2048w, https:\/\/infermeriabalear.com\/wp-content\/uploads\/2023\/09\/image00003-16x12.jpeg 16w\" sizes=\"auto, (max-width: 400px) 100vw, 400px\" \/><\/a>\n\t\t\t<\/dt><\/dl><dl class='gallery-item'>\n\t\t\t<dt class='gallery-icon landscape'>\n\t\t\t\t<a href='https:\/\/infermeriabalear.com\/ca\/2023\/09\/19\/la-nueva-junta-del-gobierno-del-coiba-intensificara-las-acciones-de-cuidado-de-la-salud-de-las-enfermeras-y-de-defensa-de-sus-competencias\/image00014\/'><img loading=\"lazy\" decoding=\"async\" width=\"400\" height=\"300\" src=\"https:\/\/infermeriabalear.com\/wp-content\/uploads\/2023\/09\/image00014-400x300.jpeg\" class=\"attachment-large size-large\" alt=\"\" srcset=\"https:\/\/infermeriabalear.com\/wp-content\/uploads\/2023\/09\/image00014-400x300.jpeg 400w, https:\/\/infermeriabalear.com\/wp-content\/uploads\/2023\/09\/image00014-300x225.jpeg 300w, https:\/\/infermeriabalear.com\/wp-content\/uploads\/2023\/09\/image00014-768x576.jpeg 768w, https:\/\/infermeriabalear.com\/wp-content\/uploads\/2023\/09\/image00014-1536x1152.jpeg 1536w, https:\/\/infermeriabalear.com\/wp-content\/uploads\/2023\/09\/image00014-2048x1536.jpeg 2048w, https:\/\/infermeriabalear.com\/wp-content\/uploads\/2023\/09\/image00014-16x12.jpeg 16w\" sizes=\"auto, (max-width: 400px) 100vw, 400px\" \/><\/a>\n\t\t\t<\/dt><\/dl><dl class='gallery-item'>\n\t\t\t<dt class='gallery-icon landscape'>\n\t\t\t\t<a href='https:\/\/infermeriabalear.com\/ca\/2023\/09\/19\/la-nueva-junta-del-gobierno-del-coiba-intensificara-las-acciones-de-cuidado-de-la-salud-de-las-enfermeras-y-de-defensa-de-sus-competencias\/image00017\/'><img loading=\"lazy\" decoding=\"async\" width=\"400\" height=\"300\" src=\"https:\/\/infermeriabalear.com\/wp-content\/uploads\/2023\/09\/image00017-400x300.jpeg\" class=\"attachment-large size-large\" alt=\"\" srcset=\"https:\/\/infermeriabalear.com\/wp-content\/uploads\/2023\/09\/image00017-400x300.jpeg 400w, https:\/\/infermeriabalear.com\/wp-content\/uploads\/2023\/09\/image00017-300x225.jpeg 300w, https:\/\/infermeriabalear.com\/wp-content\/uploads\/2023\/09\/image00017-768x576.jpeg 768w, https:\/\/infermeriabalear.com\/wp-content\/uploads\/2023\/09\/image00017-1536x1152.jpeg 1536w, https:\/\/infermeriabalear.com\/wp-content\/uploads\/2023\/09\/image00017-2048x1536.jpeg 2048w, https:\/\/infermeriabalear.com\/wp-content\/uploads\/2023\/09\/image00017-16x12.jpeg 16w\" sizes=\"auto, (max-width: 400px) 100vw, 400px\" \/><\/a>\n\t\t\t<\/dt><\/dl><br style=\"clear: both\" \/><dl class='gallery-item'>\n\t\t\t<dt class='gallery-icon landscape'>\n\t\t\t\t<a href='https:\/\/infermeriabalear.com\/ca\/2023\/09\/19\/la-nueva-junta-del-gobierno-del-coiba-intensificara-las-acciones-de-cuidado-de-la-salud-de-las-enfermeras-y-de-defensa-de-sus-competencias\/image00018\/'><img loading=\"lazy\" decoding=\"async\" width=\"400\" height=\"300\" src=\"https:\/\/infermeriabalear.com\/wp-content\/uploads\/2023\/09\/image00018-400x300.jpeg\" class=\"attachment-large size-large\" alt=\"\" srcset=\"https:\/\/infermeriabalear.com\/wp-content\/uploads\/2023\/09\/image00018-400x300.jpeg 400w, https:\/\/infermeriabalear.com\/wp-content\/uploads\/2023\/09\/image00018-300x225.jpeg 300w, https:\/\/infermeriabalear.com\/wp-content\/uploads\/2023\/09\/image00018-768x576.jpeg 768w, https:\/\/infermeriabalear.com\/wp-content\/uploads\/2023\/09\/image00018-1536x1152.jpeg 1536w, https:\/\/infermeriabalear.com\/wp-content\/uploads\/2023\/09\/image00018-2048x1536.jpeg 2048w, https:\/\/infermeriabalear.com\/wp-content\/uploads\/2023\/09\/image00018-16x12.jpeg 16w\" sizes=\"auto, (max-width: 400px) 100vw, 400px\" \/><\/a>\n\t\t\t<\/dt><\/dl><dl class='gallery-item'>\n\t\t\t<dt class='gallery-icon landscape'>\n\t\t\t\t<a href='https:\/\/infermeriabalear.com\/ca\/2023\/09\/19\/la-nueva-junta-del-gobierno-del-coiba-intensificara-las-acciones-de-cuidado-de-la-salud-de-las-enfermeras-y-de-defensa-de-sus-competencias\/image00022\/'><img loading=\"lazy\" decoding=\"async\" width=\"400\" height=\"300\" src=\"https:\/\/infermeriabalear.com\/wp-content\/uploads\/2023\/09\/image00022-400x300.jpeg\" class=\"attachment-large size-large\" alt=\"\" srcset=\"https:\/\/infermeriabalear.com\/wp-content\/uploads\/2023\/09\/image00022-400x300.jpeg 400w, https:\/\/infermeriabalear.com\/wp-content\/uploads\/2023\/09\/image00022-300x225.jpeg 300w, https:\/\/infermeriabalear.com\/wp-content\/uploads\/2023\/09\/image00022-768x576.jpeg 768w, https:\/\/infermeriabalear.com\/wp-content\/uploads\/2023\/09\/image00022-1536x1152.jpeg 1536w, https:\/\/infermeriabalear.com\/wp-content\/uploads\/2023\/09\/image00022-2048x1536.jpeg 2048w, https:\/\/infermeriabalear.com\/wp-content\/uploads\/2023\/09\/image00022-16x12.jpeg 16w\" sizes=\"auto, (max-width: 400px) 100vw, 400px\" \/><\/a>\n\t\t\t<\/dt><\/dl><dl class='gallery-item'>\n\t\t\t<dt class='gallery-icon landscape'>\n\t\t\t\t<a href='https:\/\/infermeriabalear.com\/ca\/2023\/09\/19\/la-nueva-junta-del-gobierno-del-coiba-intensificara-las-acciones-de-cuidado-de-la-salud-de-las-enfermeras-y-de-defensa-de-sus-competencias\/image00019\/'><img loading=\"lazy\" decoding=\"async\" width=\"400\" height=\"300\" src=\"https:\/\/infermeriabalear.com\/wp-content\/uploads\/2023\/09\/image00019-400x300.jpeg\" class=\"attachment-large size-large\" alt=\"\" srcset=\"https:\/\/infermeriabalear.com\/wp-content\/uploads\/2023\/09\/image00019-400x300.jpeg 400w, https:\/\/infermeriabalear.com\/wp-content\/uploads\/2023\/09\/image00019-300x225.jpeg 300w, https:\/\/infermeriabalear.com\/wp-content\/uploads\/2023\/09\/image00019-768x576.jpeg 768w, https:\/\/infermeriabalear.com\/wp-content\/uploads\/2023\/09\/image00019-1536x1152.jpeg 1536w, https:\/\/infermeriabalear.com\/wp-content\/uploads\/2023\/09\/image00019-2048x1536.jpeg 2048w, https:\/\/infermeriabalear.com\/wp-content\/uploads\/2023\/09\/image00019-16x12.jpeg 16w\" sizes=\"auto, (max-width: 400px) 100vw, 400px\" \/><\/a>\n\t\t\t<\/dt><\/dl><br style=\"clear: both\" \/>\n\t\t<\/div>\n\n<p><strong>Nova Junta de Govern i noves juntes insulars del COIBA<\/strong><\/p>\n<p>El COIBA va convocar eleccions al Ple de la Junta de Govern i a les juntes insulars el mes de juny d\u2019acord als seus estatuts. La nova Junta de Govern, aix\u00ed com les insulars, foren proclamades directament no havent-se presentat altres alternatives. La infermera Maria Jos\u00e9 Sastre, qui en els darrers 4 anys ja ocupava aquest c\u00e0rrec, es mant\u00e9 com a presidenta de la Junta de Govern del COIBA. A la Junta Insular d\u2019Eivissa i Formentera tamb\u00e9 es mant\u00e9 com a presidenta M\u00f2nica Yern, i a Menorca ocupa el c\u00e0rrec Purificaci\u00f3n Luna.<\/p>\n<p>La nova Junta de Govern est\u00e0 formada per representants dels diferents \u00e0mbits  assistencials,  atenci\u00f3 prim\u00e0ria, hospital\u00e0ria i interm\u00e8dia; de la gesti\u00f3, la recerca i la doc\u00e8ncia; i de totes les especialitats infermeres (comares, Salut Mental, Salut Laboral, Familiar i Comunit\u00e0ria, Pediatria i Geriatria).<\/p>\n<p>Aquests s\u00f3n els integrants:<\/p>\n<p>-Presidenta: Mar\u00eda Jos\u00e9 Sastre<\/p>\n<p>-Vicepresidenta: Concepci\u00f3n Zaforteza<\/p>\n<p>-Secret\u00e0ria: Pepa Ferr\u00e0<\/p>\n<p>-Tresorera: Rosa Gonz\u00e1lez<\/p>\n<p>-Vicesecretari: Francisco Jos\u00e9 Cereceda<\/p>\n<p>-Vocals: Carmen Gonzalvo, Francisco Ferrer, Jos\u00e9 Iv\u00e1n O\u00f1a, Silvia Garc\u00eda, Mar\u00eda Magdalena Juli\u00e0, Margalida Moranta i Noem\u00ed  Sans\u00f3<\/p>\n<p><strong>Junta Insular de Menorca<\/strong><\/p>\n<p>-Presidenta: Purificaci\u00f3n Luna<\/p>\n<p>-Vicepresidenta: Nuria Febrer<\/p>\n<p>-Secretaria: Sonia L\u00f3pez<\/p>\n<p><strong>Junta<\/strong><strong>\u00a0<\/strong><strong>Insular de Ibiza y Formentera<\/strong><\/p>\n<p>-Presidenta: M\u00f2nicaYern<\/p>\n<p>-Vicepresidenta1\u00aa: Mar\u00eda de Carmen Ortiz<\/p>\n<p>-Vicepresidenta2\u00aa (representante de Formentera): Esther Prats<\/p>\n<p>-Secretaria: Irene Susana Costa<\/p>\n<p><strong>Col\u00b7legi Oficial d\u2019Infermeres i Infermers de les Illes Balears (COIBA)<\/strong><\/p>\n<p>El Col\u00b7legi Oficial d\u2019Infermeres i Infermers de les Illes Balears (COIBA) \u00e9s la instituci\u00f3 que acull i representa de manera col\u00b7legiada a les m\u00e9s de 7000 infermeres titulades que exerceixen a les Illes Balears. La seva missi\u00f3 principal \u00e9s defensar els interessos professionals de les infermeres, i l'ordenament de l'exercici i desenvolupament de les compet\u00e8ncies de la professi\u00f3, en benefici dels ciutadans destinataris de la cura infermera. El COIBA vetlla per la salut de les persones i la seguretat dels pacients, des d'una pr\u00e0ctica professional, \u00e8tica, aut\u00f2noma i competent.<\/p>","protected":false},"excerpt":{"rendered":"<p>La presidenta del Col\u00b7legi Oficial d\u2019Infermeres i Infermers de les Illes Balears\u00a0(COIBA), Mar\u00eda Jos\u00e9 Sastre, ha presentado a los miembros&#8230;<\/p>","protected":false},"author":19,"featured_media":35047,"comment_status":"open","ping_status":"closed","sticky":false,"template":"","format":"standard","meta":{"footnotes":""},"categories":[315,370],"tags":[],"class_list":["post-35046","post","type-post","status-publish","format-standard","has-post-thumbnail","hentry","category-noticias","category-noticias-destacadas"],"_links":{"self":[{"href":"https:\/\/infermeriabalear.com\/ca\/wp-json\/wp\/v2\/posts\/35046","targetHints":{"allow":["GET"]}}],"collection":[{"href":"https:\/\/infermeriabalear.com\/ca\/wp-json\/wp\/v2\/posts"}],"about":[{"href":"https:\/\/infermeriabalear.com\/ca\/wp-json\/wp\/v2\/types\/post"}],"author":[{"embeddable":true,"href":"https:\/\/infermeriabalear.com\/ca\/wp-json\/wp\/v2\/users\/19"}],"replies":[{"embeddable":true,"href":"https:\/\/infermeriabalear.com\/ca\/wp-json\/wp\/v2\/comments?post=35046"}],"version-history":[{"count":5,"href":"https:\/\/infermeriabalear.com\/ca\/wp-json\/wp\/v2\/posts\/35046\/revisions"}],"predecessor-version":[{"id":35117,"href":"https:\/\/infermeriabalear.com\/ca\/wp-json\/wp\/v2\/posts\/35046\/revisions\/35117"}],"wp:featuredmedia":[{"embeddable":true,"href":"https:\/\/infermeriabalear.com\/ca\/wp-json\/wp\/v2\/media\/35047"}],"wp:attachment":[{"href":"https:\/\/infermeriabalear.com\/ca\/wp-json\/wp\/v2\/media?parent=35046"}],"wp:term":[{"taxonomy":"category","embeddable":true,"href":"https:\/\/infermeriabalear.com\/ca\/wp-json\/wp\/v2\/categories?post=35046"},{"taxonomy":"post_tag","embeddable":true,"href":"https:\/\/infermeriabalear.com\/ca\/wp-json\/wp\/v2\/tags?post=35046"}],"curies":[{"name":"wp","href":"https:\/\/api.w.org\/{rel}","templated":true}]}}