{"id":35282,"date":"2023-09-27T17:17:59","date_gmt":"2023-09-27T15:17:59","guid":{"rendered":"https:\/\/infermeriabalear.com\/?p=35282"},"modified":"2023-10-05T16:30:22","modified_gmt":"2023-10-05T14:30:22","slug":"tres-enfermeras-de-baleares-finalistas-de-los-i-premios-nacionales-de-enfermeria-vota-antes-del-30-de-septiembre","status":"publish","type":"post","link":"https:\/\/infermeriabalear.com\/ca\/2023\/09\/27\/tres-enfermeras-de-baleares-finalistas-de-los-i-premios-nacionales-de-enfermeria-vota-antes-del-30-de-septiembre\/","title":{"rendered":"Tres infermeres de Balears, finalistes dels I Premis Nacionals d'Infermeria. Vota abans del 30 de setembre!"},"content":{"rendered":"<p>Tres infermeres de Balears s\u00f3n finalistes dels I Premis Nacionals d'Infermeria Consejo General de Enfermer\u00eda, els quals reconeixen la tasca d'infermeres i infermers de tota Espanya en diferents \u00e0mbits de la professi\u00f3. Fins al 30 de setembre est\u00e0 oberta la votaci\u00f3 en l\u00ednia a trav\u00e9s de <a href=\"http:\/\/consejogeneralenfermeria.org\/vota\" target=\"_blank\" rel=\"noopener\">consejogeneralenfermeria.org\/vota.<\/a><\/p>\n<p><strong>Soledad Gallardo \u2013 Categora \u2018\u00c1mbito Gestor\u2019<\/strong><\/p>\n<p>Soledad Gallardo Bonet \u00e9s gerent de l'Hospital S\u00f3n Ll\u00e0tzer de Palma. C\u00e0rrec que acaba d'assumir despr\u00e9s de passar els \u00faltims vuit anys com a gerent de l'Hospital Comarcal d\u2019Inca, sent la primera infermera que ocupa una ger\u00e8ncia d'hospital a les Illes Balears. Gallardo es va iniciar en la gesti\u00f3 com a supervisora de la unitat de Neurocirurgia de l'Hospital Universitari Son Dureta, on tamb\u00e9 ha estat adjunta de l'\u00c0rea de Qualitat i directora de l'\u00c0rea de Gesti\u00f3 Cl\u00ednica d'Hospitalitzaci\u00f3. Va ser subdirectora d'Infermeria durant el proc\u00e9s de reconversi\u00f3 a centre Sociosanitari de GESMA, on va passar a ser directora d'Infermeria. Tamb\u00e9 ha estat responsable t\u00e8cnica del Centre Coordinador de Pal\u00b7liatius dels Illes Balears.<\/p>\n<p>La seva traject\u00f2ria professional s'ha centrat en la gesti\u00f3 en l'\u00e0mbit de la salut, amb especial inter\u00e8s en la societat del coneixement i la comunicaci\u00f3 2.0\/3.0. Les persones que treballen amb ella destaquen la seva capacitat d'adaptaci\u00f3 i la transversalitat en la seva gesti\u00f3, perseguint, en tot moment l'excel\u00b7l\u00e8ncia en la qualitat assistencial.<\/p>\n<p>En l'\u00e0mbit de la doc\u00e8ncia col\u00b7labora en diferents m\u00e0sters relacionats amb la gesti\u00f3 com el M\u00e0ster en Direcci\u00f3 i Lideratge de Sistemes de Salut (UIB), o el Diploma d'Especialitzaci\u00f3 en Gesti\u00f3 Cl\u00ednica d'Infermeria de l'Escola Nacional de Sanitat\/UNED.<\/p>\n<p><strong>Miquel Bennasar \u2013 Categor\u00eda \u2018\u00c1mbito Investigador\u2019<\/strong><\/p>\n<p>Miquel Bennasar \u00e9s el primer catedr\u00e0tic d'Infermeria a Balears i membre de la Comissi\u00f3 de Recerca de la UIB. Actualment \u00e9s membre del Comit\u00e8 Cient\u00edfic de l'Institut de Recerca Sanit\u00e0ria dels Illes Balears, de la Comissi\u00f3 de Recerca del Col\u00b7legi Oficial d'Infermeres i Infermers dels Illes Balears i coordinador del programa de doctorat en Salut Global, Serveis de Salut i Atenci\u00f3 Sociosanit\u00e0ria. L'inter\u00e8s principal de la seva carrera investigadora s'ha centrat en dissenyar i implementar intervencions no farmacol\u00f2giques basades en la modificaci\u00f3 dels estils de vida per a la prevenci\u00f3 de malalties cr\u00f2niques com les malalties cardiovasculars i la diabetis mellitus tipus 2.<\/p>\n<p>Participa, com a membre de l'equip de recerca i Investigador Principal (PI) en 9 projectes de recerca competitius a nivell nacional, 1 europeu i 12 auton\u00f2mics. \u00c9s investigador principal del grup de recerca consolidat \u201cSalut Global i Estils de Vida (EVES)\u201d de l'Institut de Recerca Sanit\u00e0ria dels Illes Balears (IdISBa), institut acreditat pel ISCIII. Membre del CIBER d'Epidemiologia i Salut P\u00fablica (CIBERESP). \u00c9s avaluador de l'Ag\u00e8ncia Estatal de Recerca (AEI), avaluador de grups de recerca en l'Ag\u00e8ncia de Gesti\u00f3 d'Ajudes Universit\u00e0ries i de Recerca de Catalunya (AGAUR), revisor en diferents revistes del JCR, i avaluador de l'Ag\u00e8ncia Nacional d'Avaluaci\u00f3 de la Qualitat i Acreditaci\u00f3 (ANECA) i de l'Ag\u00e8ncia de Qualitat del Sistema Universitari Basc (Unibasq).Ha publicat m\u00e9s de 90 articles en revistes internacionals avaluades per parells, 69 d'ells en revistes cient\u00edfiques indexades en el Journal Citation Reports (JCR).<\/p>\n<p><strong>Patricia G\u00f3mez \u2013 Categoria \u2018\u00c0mbito Gestor\u2019<\/strong><\/p>\n<p>Patricia G\u00f3mez ha estat consellera de Salut i Consum de Illes Balears durant dues legislatures i actualment \u00e9s diputada en el Parlament Balear pel grup socialista. Des de 2006 dirigeix la revista Tesela: direcci\u00f3 i gesti\u00f3, publicaci\u00f3 de l'Associaci\u00f3 Nacional de Directius d'Infermeria.<\/p>\n<p>G\u00f3mez Picard va estudiar Infermeria en la Universitat de les Illes Balears i ha ocupat diferents c\u00e0rrecs a l'Hospital Universitari Son Dureta (Palma) com a subdirectora d'Infermeria, adjunta de Formaci\u00f3 i Recerca al mateix hospital, adjunta de Recursos Humans i Qualitat en Gesma supervisora de l'\u00c0rea Hospital Verge de la Salut i supervisora de la Unitat Hospital de Dia, Adults i Pediatria. De 2007 a 2011 va ser directora de Cures i Coordinaci\u00f3 Sociosanit\u00e0ria del Servei de Salut de les Illes Balears. Durant aquests anys es va crear la Comissi\u00f3 Auton\u00f2mica de Cures, que va integrar a les direccions d'Infermeria de tots els \u00e0mbits.<\/p>\n<p>Si encara no has votat, ho pots fer a <a href=\"http:\/\/consejogeneralenfermeria.org\/vota\" target=\"_blank\" rel=\"noopener\">consejogeneralenfermeria.org\/vota<\/a> fins al 30 de setembre!<\/p>\n<p><em>Font: https:\/\/www.consejogeneralenfermeria.org\/premios<\/em><\/p>","protected":false},"excerpt":{"rendered":"<p>Tres enfermeras de Baleares son finalistas de los I\u00a0Premios\u00a0Nacionales\u00a0de\u00a0Enfermer\u00eda del Consejo General de Enfermer\u00eda, los cuales reconocen la tarea de&#8230;<\/p>","protected":false},"author":19,"featured_media":35284,"comment_status":"open","ping_status":"closed","sticky":false,"template":"","format":"standard","meta":{"footnotes":""},"categories":[315],"tags":[],"class_list":["post-35282","post","type-post","status-publish","format-standard","has-post-thumbnail","hentry","category-noticias"],"_links":{"self":[{"href":"https:\/\/infermeriabalear.com\/ca\/wp-json\/wp\/v2\/posts\/35282","targetHints":{"allow":["GET"]}}],"collection":[{"href":"https:\/\/infermeriabalear.com\/ca\/wp-json\/wp\/v2\/posts"}],"about":[{"href":"https:\/\/infermeriabalear.com\/ca\/wp-json\/wp\/v2\/types\/post"}],"author":[{"embeddable":true,"href":"https:\/\/infermeriabalear.com\/ca\/wp-json\/wp\/v2\/users\/19"}],"replies":[{"embeddable":true,"href":"https:\/\/infermeriabalear.com\/ca\/wp-json\/wp\/v2\/comments?post=35282"}],"version-history":[{"count":4,"href":"https:\/\/infermeriabalear.com\/ca\/wp-json\/wp\/v2\/posts\/35282\/revisions"}],"predecessor-version":[{"id":35294,"href":"https:\/\/infermeriabalear.com\/ca\/wp-json\/wp\/v2\/posts\/35282\/revisions\/35294"}],"wp:featuredmedia":[{"embeddable":true,"href":"https:\/\/infermeriabalear.com\/ca\/wp-json\/wp\/v2\/media\/35284"}],"wp:attachment":[{"href":"https:\/\/infermeriabalear.com\/ca\/wp-json\/wp\/v2\/media?parent=35282"}],"wp:term":[{"taxonomy":"category","embeddable":true,"href":"https:\/\/infermeriabalear.com\/ca\/wp-json\/wp\/v2\/categories?post=35282"},{"taxonomy":"post_tag","embeddable":true,"href":"https:\/\/infermeriabalear.com\/ca\/wp-json\/wp\/v2\/tags?post=35282"}],"curies":[{"name":"wp","href":"https:\/\/api.w.org\/{rel}","templated":true}]}}