{"id":35437,"date":"2025-02-05T09:39:55","date_gmt":"2025-02-05T08:39:55","guid":{"rendered":"https:\/\/infermeriabalear.com\/?p=35437"},"modified":"2025-02-05T09:56:21","modified_gmt":"2025-02-05T08:56:21","slug":"bolsa-unica-ibsalut-publicada-nueva-fecha-de-corte-para-las-categorias-de-enfermeras-especialistas-y-enfermeras-de-urgencias-de-ap","status":"publish","type":"post","link":"https:\/\/infermeriabalear.com\/ca\/2025\/02\/05\/bolsa-unica-ibsalut-publicada-nueva-fecha-de-corte-para-las-categorias-de-enfermeras-especialistas-y-enfermeras-de-urgencias-de-ap\/","title":{"rendered":"Borsa \u00danica IBSALUT: Nova data de tall per a les catories d'Infermeres Especialistes en: Salut Mental, Infermera del Treball i Comares"},"content":{"rendered":"<p>-05\/02\/2025: L'IBSALUT publica les resolucions del director general del Servei de Salut relatives a l'actualitzaci\u00f3 de la borsa \u00fanica (noves inscripcions i actualitzaci\u00f3 de m\u00e8rits) de personal estatutari temporal del Servei de Salut de les seg\u00fcents categories: <strong>Infermer\/a de Salut Mental, del Treball, i Comares, <\/strong>amb nova data de tall:<\/p>\n<p>-Data de tall: <strong>26 de febrer de 2025.<\/strong><\/p>\n<p>-Consultar resolucions:<\/p>\n<blockquote><p><span style=\"color: #76c8d1;\"><strong><a style=\"color: #76c8d1;\" href=\"https:\/\/infermeriabalear.com\/wp-content\/uploads\/2025\/02\/RES.TALL-SALUT-MENTAL.pdf\" target=\"_blank\" rel=\"noopener\">-Infermera de Salut Mental<\/a><\/strong><\/span><\/p>\n<p><span style=\"color: #76c8d1;\"><strong><a style=\"color: #76c8d1;\" href=\"https:\/\/infermeriabalear.com\/wp-content\/uploads\/2025\/02\/RES.-TALL-INF.-TREBALL.pdf\" target=\"_blank\" rel=\"noopener\">-Infermera del Treball<\/a><\/strong><\/span><\/p>\n<p><span style=\"color: #76c8d1;\"><strong><a style=\"color: #76c8d1;\" href=\"https:\/\/infermeriabalear.com\/wp-content\/uploads\/2025\/02\/RES.-TALL-MATRONA.pdf\" target=\"_blank\" rel=\"noopener\">-Infermera Obst\u00e8trica-Ginecol\u00f2gica (Comare)<\/a><\/strong><\/span><\/p><\/blockquote>\n<p>&nbsp;<\/p>\n<p>M\u00e9s informaci\u00f3 a: <span style=\"color: #808080;\"><em><a style=\"color: #808080;\" href=\"https:\/\/www.ibsalut.es\/professionals\/recursos-humans\/treballa-amb-nosaltres\/borsa-unica\" target=\"_blank\" rel=\"noopener\"><strong>IBSALUT-Borsa \u00danica<\/strong><\/a><\/em><\/span><\/p>","protected":false},"excerpt":{"rendered":"<p>-05\/02\/2025: El IBSALUT publica las resoluciones del director general del Servicio de Salud relativas a la actualizaci\u00f3n de la bolsa&#8230;<\/p>","protected":false},"author":14,"featured_media":23680,"comment_status":"open","ping_status":"closed","sticky":false,"template":"","format":"standard","meta":{"footnotes":""},"categories":[313],"tags":[623,1082],"class_list":["post-35437","post","type-post","status-publish","format-standard","has-post-thumbnail","hentry","category-concurso_opos","tag-bolsa-unica","tag-corte"],"_links":{"self":[{"href":"https:\/\/infermeriabalear.com\/ca\/wp-json\/wp\/v2\/posts\/35437","targetHints":{"allow":["GET"]}}],"collection":[{"href":"https:\/\/infermeriabalear.com\/ca\/wp-json\/wp\/v2\/posts"}],"about":[{"href":"https:\/\/infermeriabalear.com\/ca\/wp-json\/wp\/v2\/types\/post"}],"author":[{"embeddable":true,"href":"https:\/\/infermeriabalear.com\/ca\/wp-json\/wp\/v2\/users\/14"}],"replies":[{"embeddable":true,"href":"https:\/\/infermeriabalear.com\/ca\/wp-json\/wp\/v2\/comments?post=35437"}],"version-history":[{"count":8,"href":"https:\/\/infermeriabalear.com\/ca\/wp-json\/wp\/v2\/posts\/35437\/revisions"}],"predecessor-version":[{"id":41894,"href":"https:\/\/infermeriabalear.com\/ca\/wp-json\/wp\/v2\/posts\/35437\/revisions\/41894"}],"wp:featuredmedia":[{"embeddable":true,"href":"https:\/\/infermeriabalear.com\/ca\/wp-json\/wp\/v2\/media\/23680"}],"wp:attachment":[{"href":"https:\/\/infermeriabalear.com\/ca\/wp-json\/wp\/v2\/media?parent=35437"}],"wp:term":[{"taxonomy":"category","embeddable":true,"href":"https:\/\/infermeriabalear.com\/ca\/wp-json\/wp\/v2\/categories?post=35437"},{"taxonomy":"post_tag","embeddable":true,"href":"https:\/\/infermeriabalear.com\/ca\/wp-json\/wp\/v2\/tags?post=35437"}],"curies":[{"name":"wp","href":"https:\/\/api.w.org\/{rel}","templated":true}]}}