{"id":35670,"date":"2023-10-25T12:11:26","date_gmt":"2023-10-25T10:11:26","guid":{"rendered":"https:\/\/infermeriabalear.com\/?p=35670"},"modified":"2023-11-07T14:02:28","modified_gmt":"2023-11-07T13:02:28","slug":"enfermeras-baleares-triunfan-premios-nacionales-enfermeria-soledad-gallardo-miquel-bennasar","status":"publish","type":"post","link":"https:\/\/infermeriabalear.com\/ca\/2023\/10\/25\/enfermeras-baleares-triunfan-premios-nacionales-enfermeria-soledad-gallardo-miquel-bennasar\/","title":{"rendered":"Soledad Gallardo i Miquel Bennasar, nomenades millor gestora i investigadora en els Premios Nacionales de Enfermer\u00eda"},"content":{"rendered":"<p><em>Les dues candidatures van ser proposades pel COIBA i han estat elegits per votaci\u00f3 popular en l\u00ednia entre 25 finalistes infermeres de tota Espanya <\/em><\/p>\n<p>Les col\u00b7legiades Soledad Gallardo i Miquel Bennasar han estat guanyadores dels I Premios Nacionales de Enfermer\u00eda en la categoria de gesti\u00f3 i de recerca respectivament, dins de la primera edici\u00f3 d'uns guardons a escala nacional convocats pel Consejo General de Enfermer\u00eda.  Aquests premis reconeixen l'activitat professional en l'\u00e0mbit assistencial, gestor, docent i investigador, a m\u00e9s de la contribuci\u00f3 de traject\u00f2ries professionals remarcables. Amb un total de cinc categories dirigides a infermeres, dues van recaure en professionals de Balears.<\/p>\n<p><strong><img loading=\"lazy\" decoding=\"async\" class=\"wp-image-35673 aligncenter\" src=\"https:\/\/infermeriabalear.com\/wp-content\/uploads\/2023\/10\/Soledad-Gallardo-i-Miquel-Bennasar-les-millors-en-gestio-i-recerca-7.jpg\" alt=\"\" width=\"527\" height=\"395\" srcset=\"https:\/\/infermeriabalear.com\/wp-content\/uploads\/2023\/10\/Soledad-Gallardo-i-Miquel-Bennasar-les-millors-en-gestio-i-recerca-7.jpg 1600w, https:\/\/infermeriabalear.com\/wp-content\/uploads\/2023\/10\/Soledad-Gallardo-i-Miquel-Bennasar-les-millors-en-gestio-i-recerca-7-300x225.jpg 300w, https:\/\/infermeriabalear.com\/wp-content\/uploads\/2023\/10\/Soledad-Gallardo-i-Miquel-Bennasar-les-millors-en-gestio-i-recerca-7-400x300.jpg 400w, https:\/\/infermeriabalear.com\/wp-content\/uploads\/2023\/10\/Soledad-Gallardo-i-Miquel-Bennasar-les-millors-en-gestio-i-recerca-7-768x576.jpg 768w, https:\/\/infermeriabalear.com\/wp-content\/uploads\/2023\/10\/Soledad-Gallardo-i-Miquel-Bennasar-les-millors-en-gestio-i-recerca-7-1536x1152.jpg 1536w, https:\/\/infermeriabalear.com\/wp-content\/uploads\/2023\/10\/Soledad-Gallardo-i-Miquel-Bennasar-les-millors-en-gestio-i-recerca-7-16x12.jpg 16w\" sizes=\"auto, (max-width: 527px) 100vw, 527px\" \/><\/strong><\/p>\n<p>Els guanyadors, que es van anunciar ahir en un acte a Madrid, han estat elegits per votaci\u00f3 popular online entre els 25 finalistes infermers que van ser seleccionats per un jurat despr\u00e9s de valorar les m\u00e9s de 100 candidatures rebudes. Cada col\u00b7legi professional d'Espanya podia presentar candidats, i totes dues professionals van ser les propostes del Col\u00b7legi Oficial d\u2019Infermeres i Infermers de les Illes Balears (COIBA). Els premis comptaven amb 5 categories dirigides en infermeres (\u00e0mbit assistencial, gestor, docent, investigador i a tota una traject\u00f2ria professional) i una sisena per a la persona aliena a la professi\u00f3 que m\u00e9s ha potenciat la labor infermera. En total es van registrar m\u00e9s de 36.000 vots.<\/p>\n<p>\u201cTenim grans infermeres a Balears i sempre \u00e9s una gran not\u00edcia que es reconegui la seva labor, especialment en \u00e0mbits menys visibles des dels quals tamb\u00e9 cuidem de la salut de la poblaci\u00f3, com \u00e9s la gesti\u00f3 i la recerca\u201d, ha celebrat la presidenta del COIBA, Maria Jos\u00e9 Sastre, qui va acompanyar a l'acte als dos col\u00b7legiats. Per a la representant de les infermeres de les Illes Balears \u00e9s una celebraci\u00f3 i orgull doble: \u201cAmb aquests premis, una vegada m\u00e9s, es demostra que en la nostra CCAA tenim infermeres amb la formaci\u00f3, l'experi\u00e8ncia i el coneixement necessari per a gestionar i liderar de manera excel\u00b7lent, com \u00e9s el cas de Soledad. I tamb\u00e9 \u00e9s una prova m\u00e9s de la destacable contribuci\u00f3 de les infermeres d'aquesta comunitat a la recerca en salut tant nacional com internacional, on Miquel \u00e9s, sens dubte, un referent per a totes nosaltres\u201d.<\/p>\n<p><strong><img loading=\"lazy\" decoding=\"async\" class=\"wp-image-35672 aligncenter\" src=\"https:\/\/infermeriabalear.com\/wp-content\/uploads\/2023\/10\/Soledad-Gallardo-i-Miquel-Bennasar-les-millors-en-gestio-i-recerca-4.jpg\" alt=\"\" width=\"525\" height=\"351\" srcset=\"https:\/\/infermeriabalear.com\/wp-content\/uploads\/2023\/10\/Soledad-Gallardo-i-Miquel-Bennasar-les-millors-en-gestio-i-recerca-4.jpg 1226w, https:\/\/infermeriabalear.com\/wp-content\/uploads\/2023\/10\/Soledad-Gallardo-i-Miquel-Bennasar-les-millors-en-gestio-i-recerca-4-300x201.jpg 300w, https:\/\/infermeriabalear.com\/wp-content\/uploads\/2023\/10\/Soledad-Gallardo-i-Miquel-Bennasar-les-millors-en-gestio-i-recerca-4-400x268.jpg 400w, https:\/\/infermeriabalear.com\/wp-content\/uploads\/2023\/10\/Soledad-Gallardo-i-Miquel-Bennasar-les-millors-en-gestio-i-recerca-4-768x514.jpg 768w, https:\/\/infermeriabalear.com\/wp-content\/uploads\/2023\/10\/Soledad-Gallardo-i-Miquel-Bennasar-les-millors-en-gestio-i-recerca-4-18x12.jpg 18w\" sizes=\"auto, (max-width: 525px) 100vw, 525px\" \/><\/strong><\/p>\n<p><strong>Miquel Bennasar<\/strong><\/p>\n<p>El Dr. Miguel Bennasar \u00e9s el primer infermer a aconseguir la fita hist\u00f2rica de ser catedr\u00e0tic d'universitat de l'\u00e0rea d'Infermeria de les Illes Balears, a m\u00e9s de ser un dels catedr\u00e0tics m\u00e9s joves d'Espanya, la qual cosa posa en evid\u00e8ncia la seva magn\u00edfica traject\u00f2ria professional i investigadora. T\u00e9 una \u00e0mplia experi\u00e8ncia en lideratge de la recerca i destaca amb el seu comprom\u00eds i defensa de la professi\u00f3 infermera.<\/p>\n<p>\u00c9s investigador principal del grup de recerca en Salut Global i Estils de Vida, un grup de recerca consolidat i competitiu de l'Institut de Recerca Sanit\u00e0ria dels Illes Balears (IdISBa) i ha estat director del Departament d'Infermeria i Fisioter\u00e0pia de la Universitat de les Illes Balears. Actualment, \u00e9s membre de la Comissi\u00f3 de Recerca de la UIB i coordina el programa de doctorat en Salut Global, Serveis de Salut i Atenci\u00f3 Sociosanit\u00e0ria.<\/p>\n<p>Tamb\u00e9 destaca pel seu foment de la recerca infermera des de diferents institucions. Col\u00b7labora de manera activa com a membre de Comissi\u00f3 de Recerca del Col\u00b7legi Oficial d\u2019Infermeres i Infermers dels Illes Balears (COIBA), des d'on ha potenciat la recerca infermera entre les professionals de les Illes Balears creant la primera beca predoctoral Florence Nightingale, convocat\u00f2ries de projectes de recerca, aix\u00ed com de difusi\u00f3 i transfer\u00e8ncia dels resultats de recerca.<\/p>\n<p>Posseeix nombroses publicacions en revistes cient\u00edfiques d'impacte, \u00e9s investigador principal en projectes de recerca competitius d\u2019Instituto Carlos III i membre del Centro de Investigaci\u00f3n Biom\u00e9dica en Red de Epidemiolog\u00eda y Salud P\u00fablica (CIBERESP).  En 2021 va ser nomenat Acad\u00e8mic corresponent nacional per elecci\u00f3 de la Reial Acad\u00e8mia de Medicina de les Illes Balears (RAMIB). Ha estat membre del Comit\u00e8 d'\u00c8tica de la Recerca de les Illes Balears (CEI-IB) durant 10 anys i membre de la comissi\u00f3 de contractaci\u00f3 i del Consell Social de la UIB.<\/p>\n<p><strong><img loading=\"lazy\" decoding=\"async\" class=\"wp-image-35671 aligncenter\" src=\"https:\/\/infermeriabalear.com\/wp-content\/uploads\/2023\/10\/Soledad-Gallardo-i-Miquel-Bennasar-les-millors-en-gestio-i-recerca-8-e1698227831946.jpg\" alt=\"\" width=\"520\" height=\"293\" srcset=\"https:\/\/infermeriabalear.com\/wp-content\/uploads\/2023\/10\/Soledad-Gallardo-i-Miquel-Bennasar-les-millors-en-gestio-i-recerca-8-e1698227831946.jpg 1101w, https:\/\/infermeriabalear.com\/wp-content\/uploads\/2023\/10\/Soledad-Gallardo-i-Miquel-Bennasar-les-millors-en-gestio-i-recerca-8-e1698227831946-300x169.jpg 300w, https:\/\/infermeriabalear.com\/wp-content\/uploads\/2023\/10\/Soledad-Gallardo-i-Miquel-Bennasar-les-millors-en-gestio-i-recerca-8-e1698227831946-400x226.jpg 400w, https:\/\/infermeriabalear.com\/wp-content\/uploads\/2023\/10\/Soledad-Gallardo-i-Miquel-Bennasar-les-millors-en-gestio-i-recerca-8-e1698227831946-768x433.jpg 768w, https:\/\/infermeriabalear.com\/wp-content\/uploads\/2023\/10\/Soledad-Gallardo-i-Miquel-Bennasar-les-millors-en-gestio-i-recerca-8-e1698227831946-18x10.jpg 18w\" sizes=\"auto, (max-width: 520px) 100vw, 520px\" \/>Soledad Gallardo <\/strong><\/p>\n<p>Soledad Gallardo ostenta la fita d'haver estat la primera infermera nomenada gerent d'un hospital de les Illes Balears. Despr\u00e9s de vuit anys en la ger\u00e8ncia de l'Hospital Comarcal d'Inca, actualment ha passat a ser gerent de l'Hospital Universitari Son Ll\u00e0tzer.<\/p>\n<p>La seva traject\u00f2ria professional s'ha centrat en la gesti\u00f3 en l'\u00e0mbit de la salut, amb especial inter\u00e8s en la societat del coneixement i la comunicaci\u00f3 2.0\/3.0. Al llarg de la seva traject\u00f2ria ha destacat per les seves habilitats en la dinamitzaci\u00f3 i motivaci\u00f3 d'equips amb una gran visi\u00f3 en el desenvolupament estrat\u00e8gic de projectes. Les persones que treballen amb ella destaquen la seva capacitat d'adaptaci\u00f3 i la transversalitat en la seva gesti\u00f3, perseguint en tot moment l'excel\u00b7l\u00e8ncia en la qualitat assistencial.<\/p>\n<p>A m\u00e9s, ha mostrat gran comprom\u00eds amb la cooperaci\u00f3 internacional desenvolupant diferents projectes en pa\u00efsos com Burundi, Nicaragua o G\u00e0mbia i en l'actualitat col\u00b7labora ocasionalment en l'an\u00e0lisi de viabilitat de diversos projectes, des de la perspectiva social i cultural. En l'actualitat segueix molt implicada en l'apoderament de les dones als pa\u00efsos en vies de desenvolupament.<\/p>\n<p>Gallardo es va iniciar en la gesti\u00f3 com a supervisora de la unitat de Neurocirurgia de l'Hospital Universitari Son Dureta, on tamb\u00e9 va ser adjunta de l'\u00c0rea de Qualitat i directora de l'\u00c0rea de Gesti\u00f3 Cl\u00ednica d'Hospitalitzaci\u00f3. Va ser subdirectora d'Infermeria durant el proc\u00e9s de reconversi\u00f3 a centre Sociosanitari de GESMA, on va passar a ser directora d'Infermeria. Tamb\u00e9 ha estat responsable t\u00e8cnica del Centre Coordinador de Pal\u00b7liatius de les Illes Balears.<\/p>\n<p>En l'\u00e0mbit de la doc\u00e8ncia col\u00b7labora en diferents m\u00e0sters relacionats amb la gesti\u00f3 com el M\u00e0ster en Direcci\u00f3 i Lideratge de Sistemes de Salut (UIB), o el Diploma d'Especialitzaci\u00f3 en Gesti\u00f3 Cl\u00ednica d'Infermeria de l'Escola Nacional de Sanitat\/UNED, entre altres.<\/p>","protected":false},"excerpt":{"rendered":"<p>Ambas candidaturas fueron propuestas por el COIBA y han sido elegidos por votaci\u00f3n popular online entre 25 finalistas enfermeras de&#8230;<\/p>","protected":false},"author":19,"featured_media":35671,"comment_status":"open","ping_status":"closed","sticky":false,"template":"","format":"standard","meta":{"footnotes":""},"categories":[376,315],"tags":[],"class_list":["post-35670","post","type-post","status-publish","format-standard","has-post-thumbnail","hentry","category-noticias-destacadas-2columna","category-noticias"],"_links":{"self":[{"href":"https:\/\/infermeriabalear.com\/ca\/wp-json\/wp\/v2\/posts\/35670","targetHints":{"allow":["GET"]}}],"collection":[{"href":"https:\/\/infermeriabalear.com\/ca\/wp-json\/wp\/v2\/posts"}],"about":[{"href":"https:\/\/infermeriabalear.com\/ca\/wp-json\/wp\/v2\/types\/post"}],"author":[{"embeddable":true,"href":"https:\/\/infermeriabalear.com\/ca\/wp-json\/wp\/v2\/users\/19"}],"replies":[{"embeddable":true,"href":"https:\/\/infermeriabalear.com\/ca\/wp-json\/wp\/v2\/comments?post=35670"}],"version-history":[{"count":5,"href":"https:\/\/infermeriabalear.com\/ca\/wp-json\/wp\/v2\/posts\/35670\/revisions"}],"predecessor-version":[{"id":35690,"href":"https:\/\/infermeriabalear.com\/ca\/wp-json\/wp\/v2\/posts\/35670\/revisions\/35690"}],"wp:featuredmedia":[{"embeddable":true,"href":"https:\/\/infermeriabalear.com\/ca\/wp-json\/wp\/v2\/media\/35671"}],"wp:attachment":[{"href":"https:\/\/infermeriabalear.com\/ca\/wp-json\/wp\/v2\/media?parent=35670"}],"wp:term":[{"taxonomy":"category","embeddable":true,"href":"https:\/\/infermeriabalear.com\/ca\/wp-json\/wp\/v2\/categories?post=35670"},{"taxonomy":"post_tag","embeddable":true,"href":"https:\/\/infermeriabalear.com\/ca\/wp-json\/wp\/v2\/tags?post=35670"}],"curies":[{"name":"wp","href":"https:\/\/api.w.org\/{rel}","templated":true}]}}