{"id":35830,"date":"2023-11-07T13:33:18","date_gmt":"2023-11-07T12:33:18","guid":{"rendered":"https:\/\/infermeriabalear.com\/?p=35830"},"modified":"2024-01-15T12:39:28","modified_gmt":"2024-01-15T11:39:28","slug":"conferencia-cuidar-requiere-toda-la-sociedad-dolors-comas-argemir","status":"publish","type":"post","link":"https:\/\/infermeriabalear.com\/ca\/2023\/11\/07\/conferencia-cuidar-requiere-toda-la-sociedad-dolors-comas-argemir\/","title":{"rendered":"Confer\u00e8ncia \"Cuidar: una necessitat que requereix respostes de tota la societat\" amb Dolors Comas d'Argemir"},"content":{"rendered":"<div class=\"wp-block-column\" style=\"flex-basis: 66.66%;\">\r\n<figure class=\"wp-block-image size-large\"><\/figure>\r\n<!-- \/wp:post-content --><\/div>\r\n<h3><!-- \/wp:column -->\r\n\r\n<!-- wp:column {\"width\":33.33} --><\/h3>\r\n<h4><em>Sessi\u00f3 organitzada per l\u2019Associaci\u00f3 Mans a les Mans, COIBA i la Facultat d\u2019Infermeria i Fisioter\u00e0pia de la UIB en la qual es reflexionar\u00e0 sobre com abordar els desafiaments actuals en aquest camp crucial<\/em><\/h4>\r\n<div><img loading=\"lazy\" decoding=\"async\" class=\"wp-image-35835  aligncenter\" src=\"https:\/\/infermeriabalear.com\/wp-content\/uploads\/2023\/11\/CAT_TW.png\" alt=\"\" width=\"970\" height=\"546\" srcset=\"https:\/\/infermeriabalear.com\/wp-content\/uploads\/2023\/11\/CAT_TW.png 1600w, https:\/\/infermeriabalear.com\/wp-content\/uploads\/2023\/11\/CAT_TW-300x169.png 300w, https:\/\/infermeriabalear.com\/wp-content\/uploads\/2023\/11\/CAT_TW-400x225.png 400w, https:\/\/infermeriabalear.com\/wp-content\/uploads\/2023\/11\/CAT_TW-768x432.png 768w, https:\/\/infermeriabalear.com\/wp-content\/uploads\/2023\/11\/CAT_TW-1536x864.png 1536w, https:\/\/infermeriabalear.com\/wp-content\/uploads\/2023\/11\/CAT_TW-18x10.png 18w\" sizes=\"auto, (max-width: 970px) 100vw, 970px\" \/><\/div>\r\n<div>\u00a0<\/div>\r\n<div>\r\n<p>L\u2019Associaci\u00f3 Mans a les Mans (Associaci\u00f3 de persones cuidadores de Mallorca), el Col\u00b7legi Oficial d\u2019Infermeres i Infermers de les Illes Balears (COIBA) i la Facultat d\u2019Infermeria i Fisioter\u00e0pia de la UIB proposen una activitat enriquidora tant per a socis i col\u00b7legiades com per a altres professionals. Dolors Comas d'Argemir, catedr\u00e0tica d'Antropologia Social i Cultural, estar\u00e0 a Palma per a oferir la confer\u00e8ncia \"Cuidar: una necessitat que requereix respostes de tota la societat\", en la qual brindar\u00e0 idees valuoses sobre com abordar els desafiaments actuals en el camp de la cura. Ser\u00e0 el 21 de novembre a les 18h en l'Edifici Guillem Cifre de la UIB.<\/p>\r\n<p><strong>Context i objectius de la sessi\u00f3:<\/strong><\/p>\r\n<p>Els canvis socials de les \u00faltimes d\u00e8cades han fet que el paradigma de la cura de les persones en situaci\u00f3 de depend\u00e8ncia, que abans duien a terme les dones, normalment de manera gratu\u00efta, hagi sofert modificacions rellevants en la seva din\u00e0mica: les dones estan incorporades gaireb\u00e9 \u00edntegrament en el m\u00f3n laboral i l\u2019esperan\u00e7a de vida i la cronicitat de les malalties han augmentat, desafiant aix\u00ed la base sobre la qual es constru\u00efa aquesta tasca. Davant aquest repte es plantegen moltes preguntes i dicotomies, i Dolors Comas d\u2019Argemir Cendra, catedr\u00e0tica d'Antropologia Social i Cultural, \u00e9s una de les poques persones que pot tenir les respostes. La Dra Comas d\u2019Argemir ha dedicat la major part de la seva recerca al g\u00e8nere, la just\u00edcia social, treballs \u2013 pagats i no pagats \u2013 de les dones, canvis en la fam\u00edlia, l'atenci\u00f3 a la depend\u00e8ncia i a les pol\u00edtiques p\u00fabliques.<\/p>\r\n<p>Aquesta confer\u00e8ncia, organitzada en el marc del Dia del Cuidador (5 de novembre), \u00e9s una oportunitat \u00fanica per a ampliar coneixements de la m\u00e0 d'una investigadora experta en aquest camp. Una sessi\u00f3 oberta que pret\u00e9n ampliar la perspectiva actual i futura de la cura, repassant les seves bases antropol\u00f2giques i culturals. Tamb\u00e9 es proposa com un punt de di\u00e0leg entre els professionals i les persones cuidadores.<\/p>\r\n<p><strong>Ponent: Dra <\/strong><strong>Dolors\u00a0Comas\u00a0d\u2019Argemir\u00a0Ceniza<\/strong><\/p>\r\n<p>Va ser fundadora de l\u2019Institut Catal\u00e0 d\u2019Antropologia (1978) i introductora dels estudis d'Antropologia a la UB i a la URV. La seva contribuci\u00f3 \u00e9s indiscutible en q\u00fcestions relacionades amb les dones, el g\u00e8nere i les desigualtats socials. Va ser una de les primeres persones a plantejar el tema de la cura a Espanya en els seus estudis. Destaquen els seus llibres<em> \u2018Vides de dona\u2019 (1990) y <\/em><em>\u201cTrabajo, g\u00e9nero,y cultura\u00bb(1995)\u201d, <\/em>i entre les seves publicacions hi ha t\u00edtols com<em> \u201cEl cuidado de mayores y dependientes: avanzando hacia la igualdad de g\u00e9nero y la justicia social\u201d, o \u201cCuidados y derechos. El avance hacia la democratizaci\u00f3n de los cuidados\u201d<\/em>A m\u00e9s, va ser diputada del Parlament de Catalunya i consellera del Consell de l'Audiovisual de Catalunya, des d'on va establir ponts entre la reflexi\u00f3 acad\u00e8mica i la intervenci\u00f3 social. Actualment, imparteix cursos, confer\u00e8ncies i seminaris en diferents universitats espanyoles i estrangeres i ha estat\u00a0<em>visiting\u00a0scholar<\/em>\u00a0a Goldsmiths\u2019 College i Birkbeck College, de la University of London.<\/p>\r\n<p><strong>M\u00e9s detalls:<\/strong><\/p>\r\n<ul>\r\n<li>Data i hora: 21 de novembre, 18h<\/li>\r\n<li>Lloc: Edifici Guillem Cifre de la UIB \u2013 sala Magna<\/li>\r\n<li><strong>Entrada lliure<\/strong><\/li>\r\n<li><strong>Solicitada acreditaci\u00f3n CFC.<\/strong> Si est\u00e0s interessada a obtenir el certificat, <del>emplena<strong> AQU\u00cd el formulari.<\/strong><\/del><\/li>\r\n<\/ul>\r\n<\/div>","protected":false},"excerpt":{"rendered":"<p>Sesi\u00f3n organizada por la Associaci\u00f3 Mans a les Mans, COIBA y la Facultat d\u2019Infermeria i Fisioter\u00e0pia de la UIB en&#8230;<\/p>","protected":false},"author":19,"featured_media":35835,"comment_status":"closed","ping_status":"closed","sticky":false,"template":"","format":"standard","meta":{"footnotes":""},"categories":[314,315,370],"tags":[],"class_list":["post-35830","post","type-post","status-publish","format-standard","has-post-thumbnail","hentry","category-eventos-coiba","category-noticias","category-noticias-destacadas"],"_links":{"self":[{"href":"https:\/\/infermeriabalear.com\/ca\/wp-json\/wp\/v2\/posts\/35830","targetHints":{"allow":["GET"]}}],"collection":[{"href":"https:\/\/infermeriabalear.com\/ca\/wp-json\/wp\/v2\/posts"}],"about":[{"href":"https:\/\/infermeriabalear.com\/ca\/wp-json\/wp\/v2\/types\/post"}],"author":[{"embeddable":true,"href":"https:\/\/infermeriabalear.com\/ca\/wp-json\/wp\/v2\/users\/19"}],"replies":[{"embeddable":true,"href":"https:\/\/infermeriabalear.com\/ca\/wp-json\/wp\/v2\/comments?post=35830"}],"version-history":[{"count":5,"href":"https:\/\/infermeriabalear.com\/ca\/wp-json\/wp\/v2\/posts\/35830\/revisions"}],"predecessor-version":[{"id":36545,"href":"https:\/\/infermeriabalear.com\/ca\/wp-json\/wp\/v2\/posts\/35830\/revisions\/36545"}],"wp:featuredmedia":[{"embeddable":true,"href":"https:\/\/infermeriabalear.com\/ca\/wp-json\/wp\/v2\/media\/35835"}],"wp:attachment":[{"href":"https:\/\/infermeriabalear.com\/ca\/wp-json\/wp\/v2\/media?parent=35830"}],"wp:term":[{"taxonomy":"category","embeddable":true,"href":"https:\/\/infermeriabalear.com\/ca\/wp-json\/wp\/v2\/categories?post=35830"},{"taxonomy":"post_tag","embeddable":true,"href":"https:\/\/infermeriabalear.com\/ca\/wp-json\/wp\/v2\/tags?post=35830"}],"curies":[{"name":"wp","href":"https:\/\/api.w.org\/{rel}","templated":true}]}}