{"id":35926,"date":"2023-11-14T10:35:05","date_gmt":"2023-11-14T09:35:05","guid":{"rendered":"https:\/\/infermeriabalear.com\/?p=35926"},"modified":"2023-11-27T12:05:11","modified_gmt":"2023-11-27T11:05:11","slug":"centro-nacimientos-opcion-segura","status":"publish","type":"post","link":"https:\/\/infermeriabalear.com\/ca\/2023\/11\/14\/centro-nacimientos-opcion-segura\/","title":{"rendered":"El centre de naixements, una opci\u00f3 segura i un dret de les dones"},"content":{"rendered":"<div class=\"headline-article\">\n<h4 class=\"headline-article__extended-subtitle\"><em>Les entitats reclamen a m\u00e9s augmentar la inversi\u00f3 per garantir la prestaci\u00f3 de serveis de la m\u00e9s alta qualitat<\/em><\/h4>\n<p>&nbsp;<\/p>\n<\/div>\n<div class=\"article-entry-author\">\n<p>L'Associaci\u00f3 Balear de Comares (ABC) i el Col\u00b7legi Oficial d'Infermeres i Infermers de les Illes Balears (COIBA) lamentam profundament la not\u00edcia publicada per Diario de Mallorca amb data 06\/11\/2023 en la qual s'informa de la paralitzaci\u00f3 del projecte de creaci\u00f3 del centre de naixements de Balears. Ambdues institucions sol\u00b7licitam a les administracions responsables que aclareixin i esmenin les q\u00fcestions que han portat a aquest fet perqu\u00e8 es pugui continuar avan\u00e7ant amb la creaci\u00f3 del centre de naixements, una opci\u00f3 al part que respon a una demanda hist\u00f2rica de les dones i les comares.<\/p>\n<p>Com a representants compromesos amb la salut i el benestar de les dones i les seves fam\u00edlies, instam als responsables actuals a considerar els centres de naixements com una opci\u00f3 segura en l'atenci\u00f3 perinatal, tenint com a precedent altres pa\u00efsos d'Europa com ara Regne Unit, a on els centres de naixements s\u00f3n una alternativa a l'assist\u00e8ncia al part normal integrada en el sistema p\u00fablic de salut, seguint les directrius de la Xarxa Europea d'Unitats de Comares (Midwifery Unit Network) que promou una experi\u00e8ncia positiva del naixement per a les dones i les seves fam\u00edlies i estableix els est\u00e0ndards per a la implementaci\u00f3 d'aquests centres.<\/p>\n<p>Amb evid\u00e8ncia cient\u00edfica que l'avala, els centres de naixement s\u00f3n entorns segurs i respectuosos per al part normal en els quals es promou la participaci\u00f3 de les fam\u00edlies i l'autonomia de les dones en la presa de decisions informades. Aquests centres compten amb comares qualificades, pla d'avaluaci\u00f3 de riscs, equipament sanitari i plans de conting\u00e8ncia i preparaci\u00f3 per gestionar qualsevol emerg\u00e8ncia. Les comares s\u00f3n la professional sanit\u00e0ria de refer\u00e8ncia en l'atenci\u00f3 als parts normals i estan altament capacitades per identificar i gestionar la desviaci\u00f3 de la normalitat; les gestants i fam\u00edlies candidates a ser usu\u00e0ries del centre de naixements se seleccionen segons desig matern i avaluant factors de risc obst\u00e8tric.<\/p>\n<p>Poder comptar amb aquest recurs assistencial suposa un avan\u00e7 important per a les dones i el seu dret a decidir on i com volen parir. Aquest projecte dona resposta a la necessitat de les dones de les Illes Balears de poder optar a un model assistencial a on es brinda una atenci\u00f3 integral i personalitzada a les gestants, que respecta, al m\u00e0xim, la fisiologia de l'embar\u00e0s i part de baixa intervenci\u00f3, preservant la seguretat per al binomi mare\/criatura i comptant amb el suport multidisciplinari d'altres professionals tals com el servei d'Obstetr\u00edcia, Pediatria, Anest\u00e8sia i d'emerg\u00e8ncies sanit\u00e0ries.<\/p>\n<p>De fet, sostinguts per tota aquesta evid\u00e8ncia, des de l'ABC i el COIBA proposam anar una passa m\u00e9s enll\u00e0 i promoure l'expansi\u00f3 i l'enfortiment d'aquests entorns de naixement, i augmentar la inversi\u00f3 en la capacitaci\u00f3 continua del personal sanitari per garantir la prestaci\u00f3 de serveis de la m\u00e9s alta qualitat. I animam a les dones a explorar les seves opcions de part i naixement i a prendre decisions informades basades en les seves necessitats i prefer\u00e8ncies personals.<\/p>\n<p>Les dones i els nadons d'aquesta comunitat aut\u00f2noma mereixen poder triar un part en un centre de naixements. \u00c9s el nostre deure com a societat que es compti amb aquest recurs assistencial.<\/p>\n<p><img loading=\"lazy\" decoding=\"async\" class=\"alignleft wp-image-35934\" src=\"https:\/\/infermeriabalear.com\/wp-content\/uploads\/2023\/11\/COIBA-2-sin-fondo.png\" alt=\"\" width=\"257\" height=\"175\" srcset=\"https:\/\/infermeriabalear.com\/wp-content\/uploads\/2023\/11\/COIBA-2-sin-fondo.png 745w, https:\/\/infermeriabalear.com\/wp-content\/uploads\/2023\/11\/COIBA-2-sin-fondo-300x204.png 300w, https:\/\/infermeriabalear.com\/wp-content\/uploads\/2023\/11\/COIBA-2-sin-fondo-400x272.png 400w, https:\/\/infermeriabalear.com\/wp-content\/uploads\/2023\/11\/COIBA-2-sin-fondo-18x12.png 18w\" sizes=\"auto, (max-width: 257px) 100vw, 257px\" \/> <img loading=\"lazy\" decoding=\"async\" class=\"alignnone wp-image-35933\" src=\"https:\/\/infermeriabalear.com\/wp-content\/uploads\/2023\/11\/ABC.png\" alt=\"\" width=\"292\" height=\"175\" srcset=\"https:\/\/infermeriabalear.com\/wp-content\/uploads\/2023\/11\/ABC.png 400w, https:\/\/infermeriabalear.com\/wp-content\/uploads\/2023\/11\/ABC-300x180.png 300w, https:\/\/infermeriabalear.com\/wp-content\/uploads\/2023\/11\/ABC-18x12.png 18w\" sizes=\"auto, (max-width: 292px) 100vw, 292px\" \/><\/p>\n<hr \/>\n<\/div>\n<p>Article publicat en Diario de Mallorca el 13 de novembre de 2023<\/p>\n<p>&nbsp;<\/p>","protected":false},"excerpt":{"rendered":"<p>Las entidades reclaman adem\u00e1s aumentar la inversi\u00f3n para garantizar la prestaci\u00f3n de servicios de la m\u00e1s alta calidad &nbsp; La&#8230;<\/p>","protected":false},"author":9,"featured_media":35927,"comment_status":"open","ping_status":"closed","sticky":false,"template":"","format":"standard","meta":{"footnotes":""},"categories":[315,370],"tags":[],"class_list":["post-35926","post","type-post","status-publish","format-standard","has-post-thumbnail","hentry","category-noticias","category-noticias-destacadas"],"_links":{"self":[{"href":"https:\/\/infermeriabalear.com\/ca\/wp-json\/wp\/v2\/posts\/35926","targetHints":{"allow":["GET"]}}],"collection":[{"href":"https:\/\/infermeriabalear.com\/ca\/wp-json\/wp\/v2\/posts"}],"about":[{"href":"https:\/\/infermeriabalear.com\/ca\/wp-json\/wp\/v2\/types\/post"}],"author":[{"embeddable":true,"href":"https:\/\/infermeriabalear.com\/ca\/wp-json\/wp\/v2\/users\/9"}],"replies":[{"embeddable":true,"href":"https:\/\/infermeriabalear.com\/ca\/wp-json\/wp\/v2\/comments?post=35926"}],"version-history":[{"count":5,"href":"https:\/\/infermeriabalear.com\/ca\/wp-json\/wp\/v2\/posts\/35926\/revisions"}],"predecessor-version":[{"id":35937,"href":"https:\/\/infermeriabalear.com\/ca\/wp-json\/wp\/v2\/posts\/35926\/revisions\/35937"}],"wp:featuredmedia":[{"embeddable":true,"href":"https:\/\/infermeriabalear.com\/ca\/wp-json\/wp\/v2\/media\/35927"}],"wp:attachment":[{"href":"https:\/\/infermeriabalear.com\/ca\/wp-json\/wp\/v2\/media?parent=35926"}],"wp:term":[{"taxonomy":"category","embeddable":true,"href":"https:\/\/infermeriabalear.com\/ca\/wp-json\/wp\/v2\/categories?post=35926"},{"taxonomy":"post_tag","embeddable":true,"href":"https:\/\/infermeriabalear.com\/ca\/wp-json\/wp\/v2\/tags?post=35926"}],"curies":[{"name":"wp","href":"https:\/\/api.w.org\/{rel}","templated":true}]}}