{"id":36114,"date":"2023-12-01T13:58:18","date_gmt":"2023-12-01T12:58:18","guid":{"rendered":"https:\/\/infermeriabalear.com\/?p=36114"},"modified":"2023-12-01T14:07:55","modified_gmt":"2023-12-01T13:07:55","slug":"1493-2022-prevalencia-de-inseguridad-alimentaria-en-adolescentes-de-areas-de-distinto-indice-de-privacion-socioeconomica","status":"publish","type":"post","link":"https:\/\/infermeriabalear.com\/ca\/2023\/12\/01\/1493-2022-prevalencia-de-inseguridad-alimentaria-en-adolescentes-de-areas-de-distinto-indice-de-privacion-socioeconomica\/","title":{"rendered":"1493\/2022 Prevalen\u00e7a d'inseguretat aliment\u00e0ria en adolescents d'\u00e0rees de distint \u00edndex de privaci\u00f3 socioecon\u00f2mica"},"content":{"rendered":"<h3><strong>Investigadora principal: Laura Capit\u00e1n Moyano<\/strong><\/h3>\n<p>&nbsp;<\/p>\n<p>Es proposa un estudi descriptiu transversal per con\u00e8ixer la prevalen\u00e7a d'inseguretat aliment\u00e0ria en adolescents entre 12 i 16 anys que estiguin cursant l'Educaci\u00f3 Secund\u00e0ria Obligat\u00f2ria (ESO). S'analitzar\u00e0 com aquesta prevalen\u00e7a es distribueix al llarg del gradient social i la seva associaci\u00f3 amb variables de percepci\u00f3 de l'entorn interpersonal i comunitari de l'adolescent. L'estudi es dur\u00e0 a terme en centres escolars de secund\u00e0ria (p\u00fablics i concertats) de la ciutat de Palma, ubicats en zones de distint nivell de privaci\u00f3 socioecon\u00f2mica.<\/p>\n<p>S'administrar\u00e0 un q\u00fcestionari als adolescents que inclou: perfil sociodemogr\u00e0fic, composici\u00f3 de la unitat de conviv\u00e8ncia, inseguretat aliment\u00e0ria, percepci\u00f3 de l'entorn interpersonal i comunitari, i qualitat de vida relacionada amb la salut. Tamb\u00e9 s'administrar\u00e0 un q\u00fcestionari espec\u00edfic als responsables del centre escolar per con\u00e8ixer quines pol\u00edtiques relacionades amb l'alimentaci\u00f3 duen a terme i el seu abordatge davant casos de manca d'acc\u00e9s als aliments. Finalment, es passar\u00e0 un altre q\u00fcestionari als pares dels adolescents per saber si han rebut qualque tipus d'ajuda o subvenci\u00f3 per pal\u00b7liar els problemes d'acc\u00e9s a l'alimentaci\u00f3.<\/p>\n<p><a href=\"https:\/\/infermeriabalear.com\/es\/proyectos-en-curso\/\"><img loading=\"lazy\" decoding=\"async\" class=\"alignleft wp-image-26247\" src=\"https:\/\/infermeriabalear.com\/wp-content\/uploads\/2022\/01\/2.png\" alt=\"\" width=\"200\" height=\"100\" srcset=\"https:\/\/infermeriabalear.com\/wp-content\/uploads\/2022\/01\/2.png 1100w, https:\/\/infermeriabalear.com\/wp-content\/uploads\/2022\/01\/2-300x150.png 300w, https:\/\/infermeriabalear.com\/wp-content\/uploads\/2022\/01\/2-400x200.png 400w, https:\/\/infermeriabalear.com\/wp-content\/uploads\/2022\/01\/2-768x384.png 768w, https:\/\/infermeriabalear.com\/wp-content\/uploads\/2022\/01\/2-18x9.png 18w\" sizes=\"auto, (max-width: 200px) 100vw, 200px\" \/><\/a><\/p>","protected":false},"excerpt":{"rendered":"<p>Investigadora principal: Laura Capit\u00e1n Moyano &nbsp; Se propone un estudio descriptivo transversal para conocer la prevalencia de inseguridad alimentaria en&#8230;<\/p>","protected":false},"author":9,"featured_media":36117,"comment_status":"closed","ping_status":"closed","sticky":false,"template":"","format":"standard","meta":{"footnotes":""},"categories":[1103],"tags":[1104,553,97,374,199],"class_list":["post-36114","post","type-post","status-publish","format-standard","has-post-thumbnail","hentry","category-proyectos-en-curso22","tag-adolescencia","tag-alimentacion","tag-enfermeria","tag-investigacion","tag-proyectos"],"_links":{"self":[{"href":"https:\/\/infermeriabalear.com\/ca\/wp-json\/wp\/v2\/posts\/36114","targetHints":{"allow":["GET"]}}],"collection":[{"href":"https:\/\/infermeriabalear.com\/ca\/wp-json\/wp\/v2\/posts"}],"about":[{"href":"https:\/\/infermeriabalear.com\/ca\/wp-json\/wp\/v2\/types\/post"}],"author":[{"embeddable":true,"href":"https:\/\/infermeriabalear.com\/ca\/wp-json\/wp\/v2\/users\/9"}],"replies":[{"embeddable":true,"href":"https:\/\/infermeriabalear.com\/ca\/wp-json\/wp\/v2\/comments?post=36114"}],"version-history":[{"count":1,"href":"https:\/\/infermeriabalear.com\/ca\/wp-json\/wp\/v2\/posts\/36114\/revisions"}],"predecessor-version":[{"id":36115,"href":"https:\/\/infermeriabalear.com\/ca\/wp-json\/wp\/v2\/posts\/36114\/revisions\/36115"}],"wp:featuredmedia":[{"embeddable":true,"href":"https:\/\/infermeriabalear.com\/ca\/wp-json\/wp\/v2\/media\/36117"}],"wp:attachment":[{"href":"https:\/\/infermeriabalear.com\/ca\/wp-json\/wp\/v2\/media?parent=36114"}],"wp:term":[{"taxonomy":"category","embeddable":true,"href":"https:\/\/infermeriabalear.com\/ca\/wp-json\/wp\/v2\/categories?post=36114"},{"taxonomy":"post_tag","embeddable":true,"href":"https:\/\/infermeriabalear.com\/ca\/wp-json\/wp\/v2\/tags?post=36114"}],"curies":[{"name":"wp","href":"https:\/\/api.w.org\/{rel}","templated":true}]}}