{"id":37667,"date":"2024-03-21T13:49:13","date_gmt":"2024-03-21T12:49:13","guid":{"rendered":"https:\/\/infermeriabalear.com\/?p=37667"},"modified":"2024-04-16T11:58:11","modified_gmt":"2024-04-16T09:58:11","slug":"coiba-asamblea-general-ordinaria-2024","status":"publish","type":"post","link":"https:\/\/infermeriabalear.com\/ca\/2024\/03\/21\/coiba-asamblea-general-ordinaria-2024\/","title":{"rendered":"El COIBA convoca la seva Assemblea General Ordin\u00e0ria 2024"},"content":{"rendered":"<p style=\"text-align: center;\"><strong>L'Assemblea es realitzar\u00e0 el 16 d'abril de manera presencial i simult\u00e0nia en les seus de Mallorca, Menorca i Eivissa<\/strong><\/p>\n<p><img loading=\"lazy\" decoding=\"async\" class=\"wp-image-37676 aligncenter\" src=\"https:\/\/infermeriabalear.com\/wp-content\/uploads\/2024\/03\/1-8.png\" alt=\"\" width=\"572\" height=\"322\" srcset=\"https:\/\/infermeriabalear.com\/wp-content\/uploads\/2024\/03\/1-8.png 1600w, https:\/\/infermeriabalear.com\/wp-content\/uploads\/2024\/03\/1-8-300x169.png 300w, https:\/\/infermeriabalear.com\/wp-content\/uploads\/2024\/03\/1-8-400x225.png 400w, https:\/\/infermeriabalear.com\/wp-content\/uploads\/2024\/03\/1-8-768x432.png 768w, https:\/\/infermeriabalear.com\/wp-content\/uploads\/2024\/03\/1-8-1536x864.png 1536w, https:\/\/infermeriabalear.com\/wp-content\/uploads\/2024\/03\/1-8-18x10.png 18w\" sizes=\"auto, (max-width: 572px) 100vw, 572px\" \/><\/p>\n<p>El COIBA convoca la seva Assemblea General Ordin\u00e0ria 2024 per al 16 d'abril. La reuni\u00f3 de l'Assemblea General Ordin\u00e0ria de col\u00b7legiades i col\u00b7legiats del Col\u00b7legi Oficial d'Infermeres i Infermers de les Illes Balears es convoca d'acord amb els articles 14 i 15 dels Estatuts Col\u00b7legials i \u00e9s el m\u00e0xim \u00f2rgan de representaci\u00f3 col\u00b7legial per a totes les infermeres i infermers de Balears. En ella, tots els col\u00b7legiats i col\u00b7legiades poden fer escoltar la seva veu, transmetre peticions i aclarir dubtes respecte a qualsevol acci\u00f3 i\/o decisi\u00f3 presa per la Junta de Govern o que concerneixi l'exercici professional.<\/p>\n<p>La Junta Directiva no \u00e9s aliena a la realitat de la professi\u00f3 i vol expressar el seu desig sincer que l'Assemblea col\u00b7legial sigui un espai obert a la participaci\u00f3 i a la reflexi\u00f3 de totes les col\u00b7legiades i col\u00b7legiats. Amb l'\u00e0nim de facilitar la participaci\u00f3, aquesta assemblea es realitzar\u00e0 simult\u00e0niament en les tres seus col\u00b7legials (Mallorca, Menorca i Eivissa) i la votaci\u00f3 es realitzar\u00e0 de manera presencial en cadascuna d'elles:<\/p>\n<ul>\n<li>El 16 d\u2019abril a les 16:00h en primera convocat\u00f2ria i a les 16:30h en segona convocat\u00f2ria a la Seu col\u00b7legial de Palma, C\/ Almirall Gravina, 1 - Palma.<\/li>\n<li>El 16 d\u2019abril a les 16:00h en primera convocat\u00f2ria i a les 16:30h en segona convocat\u00f2ria a la Seu col\u00b7legial de Ma\u00f3, Cam\u00ed de Ses Vinyes, 130 - Ma\u00f3.<\/li>\n<li>El 16 d\u2019abril a les 16:00h en primera convocat\u00f2ria i a les 16:30h en segona a la Seu col\u00b7legial d\u2019Eivissa i Formentera, C\/ Abad y Lasierra, 2 Pral. Of. 10- Eivissa.<\/li>\n<\/ul>\n<p>&nbsp;<\/p>\n<p>L'Assemblea es celebrar\u00e0 amb el seg\u00fcent <strong>ordre del dia<\/strong>:<\/p>\n<ul>\n<li>Presentaci\u00f3 de la mem\u00f2ria d'activitats realitzades durant l'any 2023.<\/li>\n<li>Presentaci\u00f3 i aprovaci\u00f3, mitjan\u00e7ant votaci\u00f3, de l'estat de comptes i liquidaci\u00f3 pressupost\u00e0ria de l'any 2023.<\/li>\n<li>Informe Auditor\u00eda 2023.<\/li>\n<li>Presentaci\u00f3 del pla d\u2019actuaci\u00f3 del 2024. Mem\u00f2ria explicativa d\u2019activitats.<\/li>\n<li>Presentaci\u00f3 i aprovaci\u00f3, mitjan\u00e7ant votaci\u00f3, del pressupost per al 2024.<\/li>\n<li>Torn obert de paraula.<\/li>\n<\/ul>\n<p>&nbsp;<\/p>\n<p>Des de la Junta de Govern del COIBA es desitja que tots els col\u00b7legiats\/as sentin el Col\u00b7legi com el que realment \u00e9s: la instituci\u00f3 que els ha de representar, defensar els seus interessos professionals i vetllar per la bona pr\u00e0ctica infermera en benefici de la professi\u00f3 i de la salut dels ciutadans. I que cadascun dels m\u00e9s de 7.300 col\u00b7legiats i col\u00b7legiades de Balears se senti amb la llibertat d'expressar les opinions i propostes. Per aix\u00f2, anima a tots ells a participar activament en aquesta reuni\u00f3, en la qual es rendiran comptes de la gesti\u00f3 anual i es compartiran nous projectes i iniciatives.<\/p>\n<p>El cens col\u00b7legial estar\u00e0 disponible en els taulers d'anuncis de cada seu col\u00b7legial insular des del 21 de mar\u00e7, aix\u00ed com en la part inferior d'aquest mateix post, juntament amb tota la <strong>documentaci\u00f3 relativa a l'ordre del dia<\/strong>:<\/p>\n<ul>\n<li><span style=\"color: #808080;\"><a style=\"color: #808080;\" href=\"https:\/\/infermeriabalear.com\/wp-content\/uploads\/2024\/03\/Circular-convocatoria-Assemblea-General-ordinaria-2024-catala-1.pdf\" target=\"_blank\" rel=\"noopener\">Circular convocat\u00f2ria<\/a><\/span><\/li>\n<li><a href=\"https:\/\/infermeriabalear.com\/wp-content\/uploads\/2024\/04\/Censo-colegial-asamblea-16-04-2024.pdf\" target=\"_blank\" rel=\"noopener\"><span style=\"color: #808080;\">Cens definitiu 16-04-2024<\/span><\/a><\/li>\n<li><span style=\"color: #808080;\"><a style=\"color: #808080;\" href=\"https:\/\/infermeriabalear.com\/wp-content\/uploads\/2024\/03\/Causas-desviaciones-cuadro.pdf\" target=\"_blank\" rel=\"noopener\">Desviacions Pressupost 2023<\/a><\/span><\/li>\n<li><span style=\"color: #808080;\"><a style=\"color: #808080;\" href=\"https:\/\/infermeriabalear.com\/wp-content\/uploads\/2024\/03\/Causas-desviaciones.pdf\" target=\"_blank\" rel=\"noopener\">Causes desviacions Pressupost 2023<\/a><\/span><\/li>\n<li><span style=\"color: #808080;\"><a style=\"color: #808080;\" href=\"https:\/\/infermeriabalear.com\/wp-content\/uploads\/2024\/03\/IA-CCAA-COLEGIO-DE-ENFERMERIA-2023.pdf\" target=\"_blank\" rel=\"noopener\">Informe Auditoria 2023<\/a><\/span><\/li>\n<li><span style=\"color: #808080;\"><a style=\"color: #808080;\" href=\"https:\/\/infermeriabalear.com\/wp-content\/uploads\/2024\/03\/Liquidacion-2023.pdf\" target=\"_blank\" rel=\"noopener\">Liquidaci\u00f3 2023<\/a><\/span><\/li>\n<li><span style=\"color: #808080;\"><a style=\"color: #808080;\" href=\"https:\/\/infermeriabalear.com\/wp-content\/uploads\/2024\/03\/PRESUPUESTO-2024.pdf\" target=\"_blank\" rel=\"noopener\">Pressupost 2024<\/a><\/span><\/li>\n<li><span style=\"color: #808080;\"><a style=\"color: #808080;\" href=\"https:\/\/infermeriabalear.com\/wp-content\/uploads\/2024\/03\/MEMORIA-ECONOMICA-2023.pdf\" target=\"_blank\" rel=\"noopener\">Mem\u00f2ria Econ\u00f2mica 2023<\/a><\/span><\/li>\n<li><span style=\"color: #808080;\"><a style=\"color: #808080;\" href=\"https:\/\/infermeriabalear.com\/wp-content\/uploads\/2024\/03\/PLA-ACTUACIO-2024.pdf\" target=\"_blank\" rel=\"noopener\">Pla d'actuaci\u00f3 2024<\/a><\/span><\/li>\n<li><a href=\"https:\/\/infermeriabalear.com\/wp-content\/uploads\/2024\/04\/Memoria-2023-COIBA_WEB-4.pdf\" target=\"_blank\" rel=\"noopener\">Mem\u00f2ria 2023<\/a><\/li>\n<\/ul>","protected":false},"excerpt":{"rendered":"<p>La Asamblea se realizar\u00e1 el 16 de abril de manera presencial y simult\u00e1nea en las sedes de Mallorca, Menorca e&#8230;<\/p>","protected":false},"author":19,"featured_media":37676,"comment_status":"open","ping_status":"closed","sticky":false,"template":"","format":"standard","meta":{"footnotes":""},"categories":[376,315],"tags":[789,646],"class_list":["post-37667","post","type-post","status-publish","format-standard","has-post-thumbnail","hentry","category-noticias-destacadas-2columna","category-noticias","tag-asamblea","tag-asamblea-general"],"_links":{"self":[{"href":"https:\/\/infermeriabalear.com\/ca\/wp-json\/wp\/v2\/posts\/37667","targetHints":{"allow":["GET"]}}],"collection":[{"href":"https:\/\/infermeriabalear.com\/ca\/wp-json\/wp\/v2\/posts"}],"about":[{"href":"https:\/\/infermeriabalear.com\/ca\/wp-json\/wp\/v2\/types\/post"}],"author":[{"embeddable":true,"href":"https:\/\/infermeriabalear.com\/ca\/wp-json\/wp\/v2\/users\/19"}],"replies":[{"embeddable":true,"href":"https:\/\/infermeriabalear.com\/ca\/wp-json\/wp\/v2\/comments?post=37667"}],"version-history":[{"count":5,"href":"https:\/\/infermeriabalear.com\/ca\/wp-json\/wp\/v2\/posts\/37667\/revisions"}],"predecessor-version":[{"id":37985,"href":"https:\/\/infermeriabalear.com\/ca\/wp-json\/wp\/v2\/posts\/37667\/revisions\/37985"}],"wp:featuredmedia":[{"embeddable":true,"href":"https:\/\/infermeriabalear.com\/ca\/wp-json\/wp\/v2\/media\/37676"}],"wp:attachment":[{"href":"https:\/\/infermeriabalear.com\/ca\/wp-json\/wp\/v2\/media?parent=37667"}],"wp:term":[{"taxonomy":"category","embeddable":true,"href":"https:\/\/infermeriabalear.com\/ca\/wp-json\/wp\/v2\/categories?post=37667"},{"taxonomy":"post_tag","embeddable":true,"href":"https:\/\/infermeriabalear.com\/ca\/wp-json\/wp\/v2\/tags?post=37667"}],"curies":[{"name":"wp","href":"https:\/\/api.w.org\/{rel}","templated":true}]}}