{"id":38006,"date":"2024-04-16T19:28:45","date_gmt":"2024-04-16T17:28:45","guid":{"rendered":"https:\/\/infermeriabalear.com\/?p=38006"},"modified":"2024-04-24T17:17:22","modified_gmt":"2024-04-24T15:17:22","slug":"junta-rinde-cuentas-asamblea-2024","status":"publish","type":"post","link":"https:\/\/infermeriabalear.com\/ca\/2024\/04\/16\/junta-rinde-cuentas-asamblea-2024\/","title":{"rendered":"La Junta de Govern ret comptes davant col\u00b7legiades i col\u00b7legiats a l'Assemblea General Ordin\u00e0ria 2024"},"content":{"rendered":"<p style=\"text-align: center;\"><em>Tamb\u00e9 s'ha aprovat el pressupost per a 2024, que contempla un full de ruta centrada en la cura dels professionals amb el llan\u00e7ament del Programa Retorn, entre altres novetats<\/em><\/p>\n<p><img loading=\"lazy\" decoding=\"async\" class=\"wp-image-38007 aligncenter\" src=\"https:\/\/infermeriabalear.com\/wp-content\/uploads\/2024\/04\/WhatsApp-Image-2024-04-16-at-16.46.59-e1713287607344.jpeg\" alt=\"\" width=\"669\" height=\"377\" srcset=\"https:\/\/infermeriabalear.com\/wp-content\/uploads\/2024\/04\/WhatsApp-Image-2024-04-16-at-16.46.59-e1713287607344.jpeg 1600w, https:\/\/infermeriabalear.com\/wp-content\/uploads\/2024\/04\/WhatsApp-Image-2024-04-16-at-16.46.59-e1713287607344-300x169.jpeg 300w, https:\/\/infermeriabalear.com\/wp-content\/uploads\/2024\/04\/WhatsApp-Image-2024-04-16-at-16.46.59-e1713287607344-400x225.jpeg 400w, https:\/\/infermeriabalear.com\/wp-content\/uploads\/2024\/04\/WhatsApp-Image-2024-04-16-at-16.46.59-e1713287607344-768x432.jpeg 768w, https:\/\/infermeriabalear.com\/wp-content\/uploads\/2024\/04\/WhatsApp-Image-2024-04-16-at-16.46.59-e1713287607344-1536x865.jpeg 1536w, https:\/\/infermeriabalear.com\/wp-content\/uploads\/2024\/04\/WhatsApp-Image-2024-04-16-at-16.46.59-e1713287607344-18x10.jpeg 18w\" sizes=\"auto, (max-width: 669px) 100vw, 669px\" \/><\/p>\n<p>La Junta de Govern del Col\u00b7legi Oficial d\u2019Infermeres i Infermers de les Illes Balears (COIBA) ha retut comptes de la gesti\u00f3 anual davant l'Assemblea General Ordin\u00e0ria de col\u00b7legiats i col\u00b7legiades, i sotm\u00e8s a votaci\u00f3 el pressupost per a 2024. Ha estat en reuni\u00f3 celebrada de manera simult\u00e0nia en les tres seus insulars de Palma, Ma\u00f3 i Eivissa. Les infermeres de les illes han participat i votat de manera presencial des de cada una d\u2019elles.<\/p>\n<p><img loading=\"lazy\" decoding=\"async\" class=\"wp-image-38009 alignleft\" src=\"https:\/\/infermeriabalear.com\/wp-content\/uploads\/2024\/04\/WhatsApp-Image-2024-04-16-at-17.12.17-e1713287716417.jpeg\" alt=\"\" width=\"311\" height=\"263\" srcset=\"https:\/\/infermeriabalear.com\/wp-content\/uploads\/2024\/04\/WhatsApp-Image-2024-04-16-at-17.12.17-e1713287716417.jpeg 1536w, https:\/\/infermeriabalear.com\/wp-content\/uploads\/2024\/04\/WhatsApp-Image-2024-04-16-at-17.12.17-e1713287716417-300x254.jpeg 300w, https:\/\/infermeriabalear.com\/wp-content\/uploads\/2024\/04\/WhatsApp-Image-2024-04-16-at-17.12.17-e1713287716417-354x300.jpeg 354w, https:\/\/infermeriabalear.com\/wp-content\/uploads\/2024\/04\/WhatsApp-Image-2024-04-16-at-17.12.17-e1713287716417-768x650.jpeg 768w, https:\/\/infermeriabalear.com\/wp-content\/uploads\/2024\/04\/WhatsApp-Image-2024-04-16-at-17.12.17-e1713287716417-14x12.jpeg 14w\" sizes=\"auto, (max-width: 311px) 100vw, 311px\" \/><\/p>\n<p>La presidenta, Mar\u00eda Jos\u00e9 Sastre, ha repassat les accions de 2023 dutes a terme en pro de representar i defensar els interessos professionals de les infermeres i vetllar per la bona pr\u00e0ctica infermera en benefici de la nostra pr\u00f2pia professi\u00f3 i de la salut dels ciutadans. Per part seva, la tresorera Rosa Gonz\u00e1lez, ha donat detall de l'auditoria anual i els comptes de 2023, i ha donat a con\u00e8ixer la previsi\u00f3 econ\u00f2mica per a 2024. En aquest sentit, per aquest any, a causa de l'increment consecutiu durant dos anys de l'asseguran\u00e7a de responsabilitat civil, s'ha hagut de fer un important esfor\u00e7 per reajustar partides amb l'objectiu de, sense augmentar la quota, poder donar continu\u00eftat a tots els serveis que s'ofereixen als col\u00b7legiats i poder donar resposta a noves necessitats.<\/p>\n<p>Seguint amb l'exercici habitual de transpar\u00e8ncia del COIBA, en la sessi\u00f3 tamb\u00e9 s'ha donat a con\u00e8ixer el Pla d'actuaci\u00f3 2024 a partir de quatre eixos centrals: l'ordenaci\u00f3 de la professi\u00f3 i pr\u00e0ctiques segures, la formaci\u00f3 continuada, el foment i suport a la recerca i la interacci\u00f3 social i ciutadana. En aquest sentit, el full de ruta d'enguany est\u00e0 marcada per la cura de la salut dels professionals amb novetats com el llan\u00e7ament del Programa Retorn i m\u00e9s tallers d'autocura.<\/p>\n<p>Des del Col\u00b7legi es continuar\u00e0 vetllant per la defensa dels drets dels professionals i el desenvolupament i ordenaci\u00f3 professional. En aquest sentit, en 2023 es va realitzar una intensa tasca mitjan\u00e7ant la presentaci\u00f3 de recursos a convocat\u00f2ries de places de feina, i nombroses al\u00b7legacions, esmenes, reclamacions i demandes. Una l\u00ednia de treball que continuar\u00e0 sent priorit\u00e0ria en 2024 amb l'objectiu d'abordar q\u00fcestions que dificulten la qualitat de la cura infermera que s'ofereix a la poblaci\u00f3: la variabilitat en la pr\u00e0ctica cl\u00ednica, la sobrec\u00e0rrega laboral, la falta de recursos, les defici\u00e8ncies en la contractaci\u00f3, el reconeixement insuficient de les categories d'especialistes i el desenvolupament real de totes les compet\u00e8ncies infermeres, especialment en l'\u00e0mbit de la gesti\u00f3.<\/p>\n<p><img loading=\"lazy\" decoding=\"async\" class=\"wp-image-38011 alignright\" src=\"https:\/\/infermeriabalear.com\/wp-content\/uploads\/2024\/04\/WhatsApp-Image-2024-04-16-at-17.33.26-e1713287851116.jpeg\" alt=\"\" width=\"296\" height=\"311\" srcset=\"https:\/\/infermeriabalear.com\/wp-content\/uploads\/2024\/04\/WhatsApp-Image-2024-04-16-at-17.33.26-e1713287851116.jpeg 1200w, https:\/\/infermeriabalear.com\/wp-content\/uploads\/2024\/04\/WhatsApp-Image-2024-04-16-at-17.33.26-e1713287851116-285x300.jpeg 285w, https:\/\/infermeriabalear.com\/wp-content\/uploads\/2024\/04\/WhatsApp-Image-2024-04-16-at-17.33.26-e1713287851116-768x809.jpeg 768w, https:\/\/infermeriabalear.com\/wp-content\/uploads\/2024\/04\/WhatsApp-Image-2024-04-16-at-17.33.26-e1713287851116-11x12.jpeg 11w\" sizes=\"auto, (max-width: 296px) 100vw, 296px\" \/><\/p>\n<p style=\"text-align: left;\">El pla d'actuaci\u00f3 d'enguany tamb\u00e9 recull l'organitzaci\u00f3 constant d'activitats (jornades, debats i confer\u00e8ncies) d'inter\u00e8s per a professionals i poblaci\u00f3 en general. Des de l'\u00e0rea de formaci\u00f3, es planteja un pla de formaci\u00f3 continuada que permeti continuar avan\u00e7ant en el lideratge infermer, la capacitaci\u00f3 en determinades habilitats professionals i el coneixement de l'\u00faltima evid\u00e8ncia cient\u00edfica en les diferents \u00e0rees de desenvolupament de compet\u00e8ncies infermeres. Entre les novetats, es crea una ajuda per a les rotacions externes d'infermeres internes residents (IIR), es presentaran els resultats de l'estudi de la situaci\u00f3 infermera i es fomentar\u00e0 el lideratge infermer des d'una nova perspectiva, la formaci\u00f3 en habilitats comunicatives.<\/p>\n<p>Les infermeres de Balears han aprovat la liquidaci\u00f3 de comptes del 2023 i el pressupost per a 2024. Les participants van votar de manera un\u00e0nime a favor de la gesti\u00f3 de l'any 2023; i, amb la majoria dels seus vots, tamb\u00e9 van mostrar la seva conformitat amb la previsi\u00f3 a nivell econ\u00f2mic per a enguany.<\/p>\n<p>L'Assemblea anual \u00e9s un espai perqu\u00e8 les m\u00e9s de 7300 infermeres col\u00b7legiades puguin fer escoltar la seva veu, transmetre peticions i aclarir dubtes sobre les accions i decisions preses per la Junta de Govern o, en general, sobretot all\u00f2 relacionat amb l'exercici de la nostra professional. Per aix\u00f2, es va facilitar la participaci\u00f3 des de les tres seus col\u00b7legials.<\/p>\n<p><strong>Documentaci\u00f3 de la Assemblea 2024:<\/strong><\/p>\n<ul>\n<li><span style=\"color: #808080;\"><a style=\"color: #808080;\" href=\"https:\/\/infermeriabalear.com\/wp-content\/uploads\/2024\/03\/Circular-convocatoria-Assemblea-General-ordinaria-2024-catala-1.pdf\" target=\"_blank\" rel=\"noopener\">Circular convocat\u00f2ria<\/a><\/span><\/li>\n<li><a href=\"https:\/\/infermeriabalear.com\/wp-content\/uploads\/2024\/04\/Censo-colegial-asamblea-16-04-2024.pdf\" target=\"_blank\" rel=\"noopener\"><span style=\"color: #808080;\">Cens definitiu 16-04-2024<\/span><\/a><\/li>\n<li><span style=\"color: #808080;\"><a style=\"color: #808080;\" href=\"https:\/\/infermeriabalear.com\/wp-content\/uploads\/2024\/03\/Causas-desviaciones-cuadro.pdf\" target=\"_blank\" rel=\"noopener\">Desviacions Pressupost 2023<\/a><\/span><\/li>\n<li><span style=\"color: #808080;\"><a style=\"color: #808080;\" href=\"https:\/\/infermeriabalear.com\/wp-content\/uploads\/2024\/03\/Causas-desviaciones.pdf\" target=\"_blank\" rel=\"noopener\">Causes desviacions Pressupost 2023<\/a><\/span><\/li>\n<li><span style=\"color: #808080;\"><a style=\"color: #808080;\" href=\"https:\/\/infermeriabalear.com\/wp-content\/uploads\/2024\/03\/IA-CCAA-COLEGIO-DE-ENFERMERIA-2023.pdf\" target=\"_blank\" rel=\"noopener\">Informe Auditoria 2023<\/a><\/span><\/li>\n<li><span style=\"color: #808080;\"><a style=\"color: #808080;\" href=\"https:\/\/infermeriabalear.com\/wp-content\/uploads\/2024\/03\/Liquidacion-2023.pdf\" target=\"_blank\" rel=\"noopener\">Liquidaci\u00f3 2023<\/a><\/span><\/li>\n<li><span style=\"color: #808080;\"><a style=\"color: #808080;\" href=\"https:\/\/infermeriabalear.com\/wp-content\/uploads\/2024\/03\/PRESUPUESTO-2024.pdf\" target=\"_blank\" rel=\"noopener\">Pressupost 2024<\/a><\/span><\/li>\n<li><span style=\"color: #808080;\"><a style=\"color: #808080;\" href=\"https:\/\/infermeriabalear.com\/wp-content\/uploads\/2024\/03\/MEMORIA-ECONOMICA-2023.pdf\" target=\"_blank\" rel=\"noopener\">Mem\u00f2ria Econ\u00f2mica 2023<\/a><\/span><\/li>\n<li><span style=\"color: #808080;\"><a style=\"color: #808080;\" href=\"https:\/\/infermeriabalear.com\/wp-content\/uploads\/2024\/03\/PLA-ACTUACIO-2024.pdf\" target=\"_blank\" rel=\"noopener\">Pla d'actuaci\u00f3 2024<\/a><\/span><\/li>\n<li><a href=\"https:\/\/infermeriabalear.com\/wp-content\/uploads\/2024\/04\/Memoria-2023-COIBA_WEB-4.pdf\" target=\"_blank\" rel=\"noopener\">Mem\u00f2ria 2023<\/a><\/li>\n<li><a href=\"https:\/\/infermeriabalear.com\/wp-content\/uploads\/2024\/04\/Acta-assemblea-general-ordinaria-16-04-2024.pdf\" target=\"_blank\" rel=\"noopener\">Acta<\/a><\/li>\n<\/ul>\n<p>&nbsp;<\/p>\n\n\t\t<style type=\"text\/css\">\n\t\t\t#gallery-1 {\n\t\t\t\tmargin: auto;\n\t\t\t}\n\t\t\t#gallery-1 .gallery-item {\n\t\t\t\tfloat: left;\n\t\t\t\tmargin-top: 10px;\n\t\t\t\ttext-align: center;\n\t\t\t\twidth: 50%;\n\t\t\t}\n\t\t\t#gallery-1 img {\n\t\t\t\tborder: 2px solid #cfcfcf;\n\t\t\t}\n\t\t\t#gallery-1 .gallery-caption {\n\t\t\t\tmargin-left: 0;\n\t\t\t}\n\t\t\t\/* see gallery_shortcode() in wp-includes\/media.php *\/\n\t\t<\/style>\n\t\t<div id='gallery-1' class='gallery galleryid-38006 gallery-columns-2 gallery-size-medium'><dl class='gallery-item'>\n\t\t\t<dt class='gallery-icon landscape'>\n\t\t\t\t<a href='https:\/\/infermeriabalear.com\/wp-content\/uploads\/2024\/04\/Eivissa.jpg'><img loading=\"lazy\" decoding=\"async\" width=\"300\" height=\"225\" src=\"https:\/\/infermeriabalear.com\/wp-content\/uploads\/2024\/04\/Eivissa-300x225.jpg\" class=\"attachment-medium size-medium\" alt=\"\" aria-describedby=\"gallery-1-38012\" srcset=\"https:\/\/infermeriabalear.com\/wp-content\/uploads\/2024\/04\/Eivissa-300x225.jpg 300w, https:\/\/infermeriabalear.com\/wp-content\/uploads\/2024\/04\/Eivissa-400x300.jpg 400w, https:\/\/infermeriabalear.com\/wp-content\/uploads\/2024\/04\/Eivissa-768x576.jpg 768w, https:\/\/infermeriabalear.com\/wp-content\/uploads\/2024\/04\/Eivissa-1536x1152.jpg 1536w, https:\/\/infermeriabalear.com\/wp-content\/uploads\/2024\/04\/Eivissa-16x12.jpg 16w, https:\/\/infermeriabalear.com\/wp-content\/uploads\/2024\/04\/Eivissa.jpg 2016w\" sizes=\"auto, (max-width: 300px) 100vw, 300px\" \/><\/a>\n\t\t\t<\/dt>\n\t\t\t\t<dd class='wp-caption-text gallery-caption' id='gallery-1-38012'>\n\t\t\t\tSeu del COIBA d&#8217;Eivissa i Formentera\n\t\t\t\t<\/dd><\/dl><dl class='gallery-item'>\n\t\t\t<dt class='gallery-icon landscape'>\n\t\t\t\t<a href='https:\/\/infermeriabalear.com\/wp-content\/uploads\/2024\/04\/WhatsApp-Image-2024-04-16-at-17.19.10-e1713288392946.jpeg'><img loading=\"lazy\" decoding=\"async\" width=\"300\" height=\"224\" src=\"https:\/\/infermeriabalear.com\/wp-content\/uploads\/2024\/04\/WhatsApp-Image-2024-04-16-at-17.19.10-e1713288392946-300x224.jpeg\" class=\"attachment-medium size-medium\" alt=\"\" aria-describedby=\"gallery-1-38013\" srcset=\"https:\/\/infermeriabalear.com\/wp-content\/uploads\/2024\/04\/WhatsApp-Image-2024-04-16-at-17.19.10-e1713288392946-300x224.jpeg 300w, https:\/\/infermeriabalear.com\/wp-content\/uploads\/2024\/04\/WhatsApp-Image-2024-04-16-at-17.19.10-e1713288392946-400x300.jpeg 400w, https:\/\/infermeriabalear.com\/wp-content\/uploads\/2024\/04\/WhatsApp-Image-2024-04-16-at-17.19.10-e1713288392946-768x575.jpeg 768w, https:\/\/infermeriabalear.com\/wp-content\/uploads\/2024\/04\/WhatsApp-Image-2024-04-16-at-17.19.10-e1713288392946-16x12.jpeg 16w, https:\/\/infermeriabalear.com\/wp-content\/uploads\/2024\/04\/WhatsApp-Image-2024-04-16-at-17.19.10-e1713288392946.jpeg 1536w\" sizes=\"auto, (max-width: 300px) 100vw, 300px\" \/><\/a>\n\t\t\t<\/dt>\n\t\t\t\t<dd class='wp-caption-text gallery-caption' id='gallery-1-38013'>\n\t\t\t\tSeu del COIBA de Menorca\n\t\t\t\t<\/dd><\/dl><br style=\"clear: both\" \/>\n\t\t<\/div>","protected":false},"excerpt":{"rendered":"<p>Tambi\u00e9n se ha aprobado el presupuesto para 2024, que contempla una hoja de ruta centrada en el cuidado de los&#8230;<\/p>","protected":false},"author":19,"featured_media":38007,"comment_status":"open","ping_status":"closed","sticky":false,"template":"","format":"standard","meta":{"footnotes":""},"categories":[376,315],"tags":[789,646],"class_list":["post-38006","post","type-post","status-publish","format-standard","has-post-thumbnail","hentry","category-noticias-destacadas-2columna","category-noticias","tag-asamblea","tag-asamblea-general"],"_links":{"self":[{"href":"https:\/\/infermeriabalear.com\/ca\/wp-json\/wp\/v2\/posts\/38006","targetHints":{"allow":["GET"]}}],"collection":[{"href":"https:\/\/infermeriabalear.com\/ca\/wp-json\/wp\/v2\/posts"}],"about":[{"href":"https:\/\/infermeriabalear.com\/ca\/wp-json\/wp\/v2\/types\/post"}],"author":[{"embeddable":true,"href":"https:\/\/infermeriabalear.com\/ca\/wp-json\/wp\/v2\/users\/19"}],"replies":[{"embeddable":true,"href":"https:\/\/infermeriabalear.com\/ca\/wp-json\/wp\/v2\/comments?post=38006"}],"version-history":[{"count":5,"href":"https:\/\/infermeriabalear.com\/ca\/wp-json\/wp\/v2\/posts\/38006\/revisions"}],"predecessor-version":[{"id":38032,"href":"https:\/\/infermeriabalear.com\/ca\/wp-json\/wp\/v2\/posts\/38006\/revisions\/38032"}],"wp:featuredmedia":[{"embeddable":true,"href":"https:\/\/infermeriabalear.com\/ca\/wp-json\/wp\/v2\/media\/38007"}],"wp:attachment":[{"href":"https:\/\/infermeriabalear.com\/ca\/wp-json\/wp\/v2\/media?parent=38006"}],"wp:term":[{"taxonomy":"category","embeddable":true,"href":"https:\/\/infermeriabalear.com\/ca\/wp-json\/wp\/v2\/categories?post=38006"},{"taxonomy":"post_tag","embeddable":true,"href":"https:\/\/infermeriabalear.com\/ca\/wp-json\/wp\/v2\/tags?post=38006"}],"curies":[{"name":"wp","href":"https:\/\/api.w.org\/{rel}","templated":true}]}}