{"id":38146,"date":"2024-04-24T17:21:50","date_gmt":"2024-04-24T15:21:50","guid":{"rendered":"https:\/\/infermeriabalear.com\/?p=38146"},"modified":"2024-10-16T15:20:49","modified_gmt":"2024-10-16T13:20:49","slug":"informacion-sobre-como-acreditar-la-equivalencia-entre-el-titulo-de-due-y-de-grado","status":"publish","type":"post","link":"https:\/\/infermeriabalear.com\/ca\/2024\/04\/24\/informacion-sobre-como-acreditar-la-equivalencia-entre-el-titulo-de-due-y-de-grado\/","title":{"rendered":"Informaci\u00f3 sobre com acreditar l'equival\u00e8ncia entre el t\u00edtol de DUE i de Grau"},"content":{"rendered":"<p>Arran de les \u00faltimes not\u00edcies del comprom\u00eds del Ministeri de Sanitat amb la reclassificaci\u00f3 professional de les infermeres al grup A1, s'han rebut nombroses consultes sobre si ser\u00e0 necessari acreditar l'equival\u00e8ncia del t\u00edtol de Diplomat (DUE) amb el de Grau.<\/p>\r\n<p>En primer lloc, cal aclarir que de moment no s'ha aprovat definitivament aquesta reclassificaci\u00f3 ni s'han donat m\u00e9s detalls sobre el procediment que se seguiria. En qualsevol cas, per si alguna infermera est\u00e0 interessada en aquesta acreditaci\u00f3, aclarim els principals dubtes i recordem com acreditar o sol\u00b7licitar l'equival\u00e8ncia dels t\u00edtols.<\/p>\r\n<p><strong>Acreditaci\u00f3 de l'equival\u00e8ncia<\/strong><\/p>\r\n<p>L'acreditaci\u00f3 \u00e9s possible des de 2015 despr\u00e9s que es public\u00e0s una resoluci\u00f3 de la\u00a0<a href=\"https:\/\/www.boe.es\/boe\/dias\/2015\/11\/30\/pdfs\/BOE-A-2015-12930.pdf\">Direcci\u00f3 General de Pol\u00edtica Universit\u00e0ria<\/a>, que determinava el nivell de correspond\u00e8ncia del t\u00edtol de DUE en el Marc Espanyol de Qualificacions per a l'Educaci\u00f3 Superior (MECES), amb el nivell 2 o Grau. \u00c9s important aclarir que aquesta equival\u00e8ncia no suposa que a les infermeres\/rs diplomades se'ls expedeixi un t\u00edtol de Grau, sin\u00f3 que se'ls acredita l'equiparaci\u00f3 de tots dos t\u00edtols a efectes professionals i acad\u00e8mics i facilita la mobilitat a l'estranger als qui tenen t\u00edtols anteriors al pla Bolonya. \u00a0<\/p>\r\n<blockquote>\r\n<ul>\r\n<li>D'acord amb el Reial decret 889\/2022, de 18 d'octubre, per acreditar l'equival\u00e8ncia seria suficient presentar justament amb el t\u00edtol DUE, l'esmentada resoluci\u00f3 publicada en el BOE <a href=\"https:\/\/www.boe.es\/boe\/dias\/2015\/11\/30\/pdfs\/BOE-A-2015-12930.pdf\" target=\"_blank\" rel=\"noopener\">(descarregar resoluci\u00f3)<\/a><\/li>\r\n<li>En qualsevol cas, les infermeres interessades a tenir el certificat d'equival\u00e8ncia, tenen el tr\u00e0mit disponible des de 2015 a la Seu Electr\u00f2nica del Ministeri d'Educaci\u00f3. Podeu accedir-hi clicant <a href=\"https:\/\/sede.educacion.gob.es\/sede\/login\/inicio.jjsp?idConvocatoria=617\" target=\"_blank\" rel=\"noopener\">AQU\u00cd<\/a><br \/><br \/><\/li>\r\n<\/ul>\r\n<\/blockquote>","protected":false},"excerpt":{"rendered":"<p>A ra\u00edz de las \u00faltimas noticias del compromiso del Ministerio de Sanidad con la reclasificaci\u00f3n profesional de las enfermeras al&#8230;<\/p>","protected":false},"author":19,"featured_media":36166,"comment_status":"open","ping_status":"closed","sticky":false,"template":"","format":"standard","meta":{"footnotes":""},"categories":[315,370],"tags":[],"class_list":["post-38146","post","type-post","status-publish","format-standard","has-post-thumbnail","hentry","category-noticias","category-noticias-destacadas"],"_links":{"self":[{"href":"https:\/\/infermeriabalear.com\/ca\/wp-json\/wp\/v2\/posts\/38146","targetHints":{"allow":["GET"]}}],"collection":[{"href":"https:\/\/infermeriabalear.com\/ca\/wp-json\/wp\/v2\/posts"}],"about":[{"href":"https:\/\/infermeriabalear.com\/ca\/wp-json\/wp\/v2\/types\/post"}],"author":[{"embeddable":true,"href":"https:\/\/infermeriabalear.com\/ca\/wp-json\/wp\/v2\/users\/19"}],"replies":[{"embeddable":true,"href":"https:\/\/infermeriabalear.com\/ca\/wp-json\/wp\/v2\/comments?post=38146"}],"version-history":[{"count":5,"href":"https:\/\/infermeriabalear.com\/ca\/wp-json\/wp\/v2\/posts\/38146\/revisions"}],"predecessor-version":[{"id":38168,"href":"https:\/\/infermeriabalear.com\/ca\/wp-json\/wp\/v2\/posts\/38146\/revisions\/38168"}],"wp:featuredmedia":[{"embeddable":true,"href":"https:\/\/infermeriabalear.com\/ca\/wp-json\/wp\/v2\/media\/36166"}],"wp:attachment":[{"href":"https:\/\/infermeriabalear.com\/ca\/wp-json\/wp\/v2\/media?parent=38146"}],"wp:term":[{"taxonomy":"category","embeddable":true,"href":"https:\/\/infermeriabalear.com\/ca\/wp-json\/wp\/v2\/categories?post=38146"},{"taxonomy":"post_tag","embeddable":true,"href":"https:\/\/infermeriabalear.com\/ca\/wp-json\/wp\/v2\/tags?post=38146"}],"curies":[{"name":"wp","href":"https:\/\/api.w.org\/{rel}","templated":true}]}}