{"id":38207,"date":"2024-04-26T15:48:32","date_gmt":"2024-04-26T13:48:32","guid":{"rendered":"https:\/\/infermeriabalear.com\/?p=38207"},"modified":"2024-04-26T15:49:02","modified_gmt":"2024-04-26T13:49:02","slug":"reunion-con-la-consellera-dafers-socials-para-abordar-la-falta-de-enfermeras-en-residencias-de-ibiza-y-el-reconocimiento-de-la-especialidad-de-geriatria","status":"publish","type":"post","link":"https:\/\/infermeriabalear.com\/ca\/2024\/04\/26\/reunion-con-la-consellera-dafers-socials-para-abordar-la-falta-de-enfermeras-en-residencias-de-ibiza-y-el-reconocimiento-de-la-especialidad-de-geriatria\/","title":{"rendered":"Reuni\u00f3 amb la consellera d\u2019Afers Socials sobre la manca d\u2019infermeres a les resid\u00e8ncies d\u2019Eivissa i el reconeixement de l\u2019especialitat de Geriatria"},"content":{"rendered":"<p><img loading=\"lazy\" decoding=\"async\" class=\"wp-image-38232 alignright\" src=\"https:\/\/infermeriabalear.com\/wp-content\/uploads\/2024\/04\/Reunio-consellera-Afers-Socials-3.jpeg\" alt=\"\" width=\"526\" height=\"394\" \/><\/p>\n<p>La presidenta del COIBA i la coordinadora de la Comissi\u00f3 de Cures a Persones Majors, Maria Jos\u00e9 Sastre i Silvia Garc\u00eda, s\u2019han reunit amb la consellera de Fam\u00edlies i Afers Socials, Catalina Cirer, i el director general d\u2019Atenci\u00f3 a la Depend\u00e8ncia, Pedro Codes. Una primera trobada en la qual s\u2019ha ofert la col\u00b7laboraci\u00f3 i participaci\u00f3 del Col\u00b7legi en tots els temes relacionats amb la cura de persones majors i\/o en situaci\u00f3 de vulnerabilitat, i s\u2019ha mostrat la disposici\u00f3 per ambdues parts de tenir una comunicaci\u00f3 fluida.<\/p>\n<p>Entre altres q\u00fcestions, des del COIBA s\u2019ha traslladat la preocupaci\u00f3 per la manca d\u2019infermeres a les resid\u00e8ncies d\u2019Eivissa. Balears t\u00e9 una de les r\u00e0tios d\u2019infermeres m\u00e9s baixes d'Espanya, molt lluny de la mitjana de l'OCDE (10,24 infermeres per cada mil habitants); un problema que a les resid\u00e8ncies encara \u00e9s m\u00e9s preocupant, amb una infermera per a cada 80-100 usuaris. \u00c9s necessari augmentar les r\u00e0tios i desenvolupar un pla d'adequaci\u00f3 de plantilles progressiu que contempli accions com incrementar la inversi\u00f3 en la millora de les condicions laborals i l\u2019estabilitat, i treballar amb altres conselleries davant la situaci\u00f3 de l\u2019habitatge.  Un pla que s\u2019ha d\u2019enfocar especialment en comptar amb infermeres especialistes en Geriatria mitjan\u00e7ant la reconversi\u00f3 gradual de les places generalistes en especialistes, una convocat\u00f2ria d'oferta p\u00fablica d'ocupaci\u00f3 espec\u00edfica per a infermeres especialistes i un pla de fidelitzaci\u00f3 per a residents. La incorporaci\u00f3 dels perfils d'especialistes suposa un valor afegit per aconseguir l'excel\u00b7l\u00e8ncia en la cura, millorar la qualitat i donar una atenci\u00f3 integrar. Les infermeres especialistes en Geriatria estan capacitades no sols per oferir aquestes cures, tamb\u00e9 per liderar i gestionar una atenci\u00f3 de qualitat.<\/p>\n<p>La presidenta del COIBA tamb\u00e9 ha demanat m\u00e0xima col\u00b7laboraci\u00f3 per garantir una atenci\u00f3 de qualitat i lluitar contra l\u2019intrusisme, que posa en perill la seguretat dels usuaris. Les persones majors requereixen d'una atenci\u00f3 cada vegada m\u00e9s espec\u00edfica per atendre les seves necessitats individuals i col\u00b7lectives, i tenen dret a ser ateses per professionals qualificats.<\/p>\n<p>Tot aix\u00f2, ha d\u2019anar acompanyat d\u2019un augment de les places residencials i d\u2019un canvi de model a les resid\u00e8ncies. Cal avan\u00e7ar amb una atenci\u00f3 centrada en la persona i a l\u2019entorn comunitari.<\/p>\n<p>La coordinadora de la Comissi\u00f3 de Cures Persones Grans ha donat a con\u00e8ixer el canal de notificacions de maltractament a persones majors del COIBA i ha ofert la col\u00b7laboraci\u00f3 total del COIBA en aquest assumpte per refor\u00e7ar les accions de prevenci\u00f3 i detecci\u00f3. \u00c9s un greu problema molt poc visible que segons la OMS afecta a 15,7% de les persones de 60 anys i m\u00e9s.  De la mateixa manera que tamb\u00e9 ho \u00e9s la soledat que viuen molts d\u2019ells a diari, i per la qual cosa en aquesta reuni\u00f3 tamb\u00e9 s\u2019ha abordat la necessitat de dur endavant un pla de prevenci\u00f3 de la soledat de les persones majors. Aquesta pot tenir una s\u00e8rie de conseq\u00fc\u00e8ncies negatives tant a nivell f\u00edsic com emocional i mental, augmenta la discapacitat, problemes de salut mental i el deteriorament cognitiu.<\/p>","protected":false},"excerpt":{"rendered":"<p>La presidenta del COIBA y la coordinadora de la Comisi\u00f3n de Cuidados a Personas Mayores, Maria Jos\u00e9 Sastre y Silvia&#8230;<\/p>","protected":false},"author":19,"featured_media":38232,"comment_status":"open","ping_status":"closed","sticky":false,"template":"","format":"standard","meta":{"footnotes":""},"categories":[315],"tags":[],"class_list":["post-38207","post","type-post","status-publish","format-standard","has-post-thumbnail","hentry","category-noticias"],"_links":{"self":[{"href":"https:\/\/infermeriabalear.com\/ca\/wp-json\/wp\/v2\/posts\/38207","targetHints":{"allow":["GET"]}}],"collection":[{"href":"https:\/\/infermeriabalear.com\/ca\/wp-json\/wp\/v2\/posts"}],"about":[{"href":"https:\/\/infermeriabalear.com\/ca\/wp-json\/wp\/v2\/types\/post"}],"author":[{"embeddable":true,"href":"https:\/\/infermeriabalear.com\/ca\/wp-json\/wp\/v2\/users\/19"}],"replies":[{"embeddable":true,"href":"https:\/\/infermeriabalear.com\/ca\/wp-json\/wp\/v2\/comments?post=38207"}],"version-history":[{"count":2,"href":"https:\/\/infermeriabalear.com\/ca\/wp-json\/wp\/v2\/posts\/38207\/revisions"}],"predecessor-version":[{"id":38235,"href":"https:\/\/infermeriabalear.com\/ca\/wp-json\/wp\/v2\/posts\/38207\/revisions\/38235"}],"wp:featuredmedia":[{"embeddable":true,"href":"https:\/\/infermeriabalear.com\/ca\/wp-json\/wp\/v2\/media\/38232"}],"wp:attachment":[{"href":"https:\/\/infermeriabalear.com\/ca\/wp-json\/wp\/v2\/media?parent=38207"}],"wp:term":[{"taxonomy":"category","embeddable":true,"href":"https:\/\/infermeriabalear.com\/ca\/wp-json\/wp\/v2\/categories?post=38207"},{"taxonomy":"post_tag","embeddable":true,"href":"https:\/\/infermeriabalear.com\/ca\/wp-json\/wp\/v2\/tags?post=38207"}],"curies":[{"name":"wp","href":"https:\/\/api.w.org\/{rel}","templated":true}]}}