{"id":38484,"date":"2024-05-20T16:42:32","date_gmt":"2024-05-20T14:42:32","guid":{"rendered":"https:\/\/infermeriabalear.com\/?p=38484"},"modified":"2024-05-23T09:52:53","modified_gmt":"2024-05-23T07:52:53","slug":"inscripciones-a-la-celebracion-del-dia-de-patrona-de-la-matronas-31-de-mayo","status":"publish","type":"post","link":"https:\/\/infermeriabalear.com\/ca\/2024\/05\/20\/inscripciones-a-la-celebracion-del-dia-de-patrona-de-la-matronas-31-de-mayo\/","title":{"rendered":"Inscripcions a la celebraci\u00f3 del Dia de Patrona de les Matrones (31 de maig)"},"content":{"rendered":"<p><img loading=\"lazy\" decoding=\"async\" class=\"wp-image-38501 aligncenter\" src=\"https:\/\/infermeriabalear.com\/wp-content\/uploads\/2024\/05\/Patrona-de-les-comares-2024.png\" alt=\"\" width=\"736\" height=\"414\" srcset=\"https:\/\/infermeriabalear.com\/wp-content\/uploads\/2024\/05\/Patrona-de-les-comares-2024.png 1600w, https:\/\/infermeriabalear.com\/wp-content\/uploads\/2024\/05\/Patrona-de-les-comares-2024-300x169.png 300w, https:\/\/infermeriabalear.com\/wp-content\/uploads\/2024\/05\/Patrona-de-les-comares-2024-400x225.png 400w, https:\/\/infermeriabalear.com\/wp-content\/uploads\/2024\/05\/Patrona-de-les-comares-2024-768x432.png 768w, https:\/\/infermeriabalear.com\/wp-content\/uploads\/2024\/05\/Patrona-de-les-comares-2024-1536x864.png 1536w, https:\/\/infermeriabalear.com\/wp-content\/uploads\/2024\/05\/Patrona-de-les-comares-2024-18x10.png 18w\" sizes=\"auto, (max-width: 736px) 100vw, 736px\" \/><\/p>\n<p>La Comissi\u00f3 de Comares del COIBA vol celebrar la Patrona de les Comares amb una trobada de comares el divendres, <strong>31 de maig<\/strong>.<\/p>\n<ul>\n<li><strong>Dinar <\/strong>a l'agroturisme Ca Na Susi a les 15:00 h.<\/li>\n<li>Gaudirem de distintes activitats i sorpreses al voltant del <strong>\u00abVulva la vida\u00bb.<\/strong><\/li>\n<li>Preu: 35\u202f\u20ac per persona. IMPORTANT: cada assistent abonar\u00e0 el seu\/s men\u00fa\/s el dia de l'esdeveniment,  no ser\u00e0 necessari cap pagament previ a la celebraci\u00f3<\/li>\n<li>Inscripcions: si est\u00e0s interessada a assistir, escriu-nos abans del 27 de maig, <a href=\"mailto:coiba.pm@infermeriabalear.com?subject=Patronacomares\">via mail a coiba.pm@infermeriabalear.com<\/a> vindr\u00e0s acompanyada? Tens al\u00b7l\u00e8rgies o intoler\u00e0ncies aliment\u00e0ries?) o rellena <a href=\"https:\/\/aa0el.r.sp1-brevo.net\/mk\/cl\/f\/sh\/OycZvHuFo1kTbOPQn4E9Bipp\/yHgL_vq62HsU\">aquest formulari.<\/a><\/li>\n<\/ul>\n<p>&nbsp;<\/p>\n<p><b>AV\u00cdS:<\/b> si ets comare col\u00b7legiada del COIBA hauries d'haver rebut la invitaci\u00f3 per email. Si no \u00e9s aix\u00ed, per favor, revisa les teves dades a la Finestreta \u00danica o contacta amb nosaltres.<\/p>","protected":false},"excerpt":{"rendered":"<p>La Comisi\u00f3n de Matronas del COIBA quiere celebrar la Patrona de las Matronas con un encuentro de todas las matronas&#8230;<\/p>","protected":false},"author":19,"featured_media":38501,"comment_status":"open","ping_status":"closed","sticky":false,"template":"","format":"standard","meta":{"footnotes":""},"categories":[314,315,370],"tags":[394,814,683],"class_list":["post-38484","post","type-post","status-publish","format-standard","has-post-thumbnail","hentry","category-eventos-coiba","category-noticias","category-noticias-destacadas","tag-celebracion","tag-dia-de-la-enfermera","tag-mallorca"],"_links":{"self":[{"href":"https:\/\/infermeriabalear.com\/ca\/wp-json\/wp\/v2\/posts\/38484","targetHints":{"allow":["GET"]}}],"collection":[{"href":"https:\/\/infermeriabalear.com\/ca\/wp-json\/wp\/v2\/posts"}],"about":[{"href":"https:\/\/infermeriabalear.com\/ca\/wp-json\/wp\/v2\/types\/post"}],"author":[{"embeddable":true,"href":"https:\/\/infermeriabalear.com\/ca\/wp-json\/wp\/v2\/users\/19"}],"replies":[{"embeddable":true,"href":"https:\/\/infermeriabalear.com\/ca\/wp-json\/wp\/v2\/comments?post=38484"}],"version-history":[{"count":5,"href":"https:\/\/infermeriabalear.com\/ca\/wp-json\/wp\/v2\/posts\/38484\/revisions"}],"predecessor-version":[{"id":38508,"href":"https:\/\/infermeriabalear.com\/ca\/wp-json\/wp\/v2\/posts\/38484\/revisions\/38508"}],"wp:featuredmedia":[{"embeddable":true,"href":"https:\/\/infermeriabalear.com\/ca\/wp-json\/wp\/v2\/media\/38501"}],"wp:attachment":[{"href":"https:\/\/infermeriabalear.com\/ca\/wp-json\/wp\/v2\/media?parent=38484"}],"wp:term":[{"taxonomy":"category","embeddable":true,"href":"https:\/\/infermeriabalear.com\/ca\/wp-json\/wp\/v2\/categories?post=38484"},{"taxonomy":"post_tag","embeddable":true,"href":"https:\/\/infermeriabalear.com\/ca\/wp-json\/wp\/v2\/tags?post=38484"}],"curies":[{"name":"wp","href":"https:\/\/api.w.org\/{rel}","templated":true}]}}