{"id":38590,"date":"2024-05-31T17:09:36","date_gmt":"2024-05-31T15:09:36","guid":{"rendered":"https:\/\/infermeriabalear.com\/?p=38590"},"modified":"2024-06-10T13:19:10","modified_gmt":"2024-06-10T11:19:10","slug":"jornada-de-bienvenida-eir-2024-11-de-junio-a-las-1700-h","status":"publish","type":"post","link":"https:\/\/infermeriabalear.com\/ca\/2024\/05\/31\/jornada-de-bienvenida-eir-2024-11-de-junio-a-las-1700-h\/","title":{"rendered":"Jornada de benvinguda IIR 2024 al COIBA: 11 de juny a les 17.00 h"},"content":{"rendered":"<div class=\"wp-block-column\" style=\"flex-basis: 66.66%;\">\r\n<figure class=\"wp-block-image size-large\"><\/figure>\r\n<!-- \/wp:post-content --><\/div>\r\n<h3><!-- \/wp:column -->\r\n\r\n<!-- wp:column {\"width\":33.33} --><\/h3>\r\n<h4 style=\"text-align: center;\"><em><strong>Coneixes tot el potencial de l'especialitat que comences?<\/strong><\/em><\/h4>\r\n<h4 style=\"text-align: center;\"><em><strong> Saps tot el que pot fer el Col\u00b7legi per tu, ara que ets IIR?<\/strong><\/em><\/h4>\r\n<h4>\u00a0<\/h4>\r\n<h5 style=\"text-align: center;\"><em><strong><img loading=\"lazy\" decoding=\"async\" class=\"alignnone  wp-image-38592\" src=\"https:\/\/infermeriabalear.com\/wp-content\/uploads\/2024\/05\/CAT_2.png\" alt=\"\" width=\"633\" height=\"356\" srcset=\"https:\/\/infermeriabalear.com\/wp-content\/uploads\/2024\/05\/CAT_2.png 1600w, https:\/\/infermeriabalear.com\/wp-content\/uploads\/2024\/05\/CAT_2-300x169.png 300w, https:\/\/infermeriabalear.com\/wp-content\/uploads\/2024\/05\/CAT_2-400x225.png 400w, https:\/\/infermeriabalear.com\/wp-content\/uploads\/2024\/05\/CAT_2-768x432.png 768w, https:\/\/infermeriabalear.com\/wp-content\/uploads\/2024\/05\/CAT_2-1536x864.png 1536w, https:\/\/infermeriabalear.com\/wp-content\/uploads\/2024\/05\/CAT_2-18x10.png 18w\" sizes=\"auto, (max-width: 633px) 100vw, 633px\" \/><\/strong><\/em><\/h5>\r\n<p>&nbsp;<\/p>\r\n<p style=\"text-align: left;\">El COIBA vol donar la benvinguda a les infermeres que heu iniciat la vostra etapa com a IIR (EIR) amb una jornada de la m\u00e0 d'infermeres de diferents especialitats per aconsellar-vos sobre com aprofitar al m\u00e0xim la vostra resid\u00e8ncia i mostrar-vos sortides menys conegudes de cada branca. A m\u00e9s, volem explicar-vos com pot ajudar-vos el col\u00b7legi en aquesta nova etapa.<\/p>\r\n<p>En acabar disfrutarem d'una estona m\u00e9s distesa al voltant d'un caf\u00e8.<\/p>\r\n<p><strong>Quan?<\/strong> 11 de juny de 17.00h a 19h<\/p>\r\n<p><strong>On?<\/strong> La jornada es realitzar\u00e0 de manera simult\u00e0nia des de les tres seus del COIBA <a href=\"https:\/\/infermeriabalear.com\/ca\/sedes\/\">AQU\u00cd<\/a> la direcci\u00f3 de les seus.<\/p>\r\n<p><strong>Inscripci\u00f3 imprescindible (limitaci\u00f3 d'aforament) <\/strong>mitjan\u00e7ant el seg\u00fcent formulari: <a href=\"https:\/\/infermeriabalear.com\/ca\/bienvenida-eir\/\">https:\/\/infermeriabalear.com\/ca\/bienvenida-eir\/<\/a><\/p>\r\n<p><strong>Programa:<\/strong><\/p>\r\n<ul>\r\n<li>Saps qu\u00e8 pot fer per tu el COIBA ara que ets IIR? Benvinguda, presentaci\u00f3 del COIBA i de beneficis per a IIRs, amb Mar\u00eda Jos\u00e9 Sastre, presidenta del COIBA<\/li>\r\n<li>Coneixes el potencial de l'especialitat que comences? Infermeres de diferents especialitats t'acostaran al desenvolupament de compet\u00e8ncies infermeres menys conegudes en \u00e0mbits com l'assistencial, la doc\u00e8ncia, la gesti\u00f3 o la recerca. Per a aix\u00f2, comptarem amb Teresa Garc\u00eda, Rosa Buitrago, Mar\u00eda Arias, Ana Mayorqu\u00edn, MarinaTorres i Marga Navarro.<\/li>\r\n<\/ul>\r\n<p>&nbsp;<\/p>","protected":false},"excerpt":{"rendered":"<p>\u00bfConoces todo el potencial de la especialidad que comienzas? \u00bfSabes todo lo que puede hacer el Colegio por ti, ahora&#8230;<\/p>","protected":false},"author":19,"featured_media":38592,"comment_status":"closed","ping_status":"closed","sticky":false,"template":"","format":"standard","meta":{"footnotes":""},"categories":[314,376,315],"tags":[],"class_list":["post-38590","post","type-post","status-publish","format-standard","has-post-thumbnail","hentry","category-eventos-coiba","category-noticias-destacadas-2columna","category-noticias"],"_links":{"self":[{"href":"https:\/\/infermeriabalear.com\/ca\/wp-json\/wp\/v2\/posts\/38590","targetHints":{"allow":["GET"]}}],"collection":[{"href":"https:\/\/infermeriabalear.com\/ca\/wp-json\/wp\/v2\/posts"}],"about":[{"href":"https:\/\/infermeriabalear.com\/ca\/wp-json\/wp\/v2\/types\/post"}],"author":[{"embeddable":true,"href":"https:\/\/infermeriabalear.com\/ca\/wp-json\/wp\/v2\/users\/19"}],"replies":[{"embeddable":true,"href":"https:\/\/infermeriabalear.com\/ca\/wp-json\/wp\/v2\/comments?post=38590"}],"version-history":[{"count":5,"href":"https:\/\/infermeriabalear.com\/ca\/wp-json\/wp\/v2\/posts\/38590\/revisions"}],"predecessor-version":[{"id":38815,"href":"https:\/\/infermeriabalear.com\/ca\/wp-json\/wp\/v2\/posts\/38590\/revisions\/38815"}],"wp:featuredmedia":[{"embeddable":true,"href":"https:\/\/infermeriabalear.com\/ca\/wp-json\/wp\/v2\/media\/38592"}],"wp:attachment":[{"href":"https:\/\/infermeriabalear.com\/ca\/wp-json\/wp\/v2\/media?parent=38590"}],"wp:term":[{"taxonomy":"category","embeddable":true,"href":"https:\/\/infermeriabalear.com\/ca\/wp-json\/wp\/v2\/categories?post=38590"},{"taxonomy":"post_tag","embeddable":true,"href":"https:\/\/infermeriabalear.com\/ca\/wp-json\/wp\/v2\/tags?post=38590"}],"curies":[{"name":"wp","href":"https:\/\/api.w.org\/{rel}","templated":true}]}}