{"id":39881,"date":"2024-08-28T17:13:35","date_gmt":"2024-08-28T15:13:35","guid":{"rendered":"https:\/\/infermeriabalear.com\/?p=39881"},"modified":"2025-07-07T08:29:57","modified_gmt":"2025-07-07T06:29:57","slug":"ibsalut-convocatoria-extraordinaria-de-carrera-profesional-2018-2022","status":"publish","type":"post","link":"https:\/\/infermeriabalear.com\/ca\/2024\/08\/28\/ibsalut-convocatoria-extraordinaria-de-carrera-profesional-2018-2022\/","title":{"rendered":"IBSALUT: Convocat\u00f2ria extraordin\u00e0ria de CARRERA PROFESSIONAL 2018-2022"},"content":{"rendered":"<p>BOIB 27\/08\/2024: Resoluci\u00f3 del director general del Servei de Salut de les Illes Balears per la qual es convoca un proc\u00e9s extraordinari d'acc\u00e9s o progressi\u00f3 en la <strong>carrera professional <\/strong>del personal estatutari dependent del Servei de Salut<strong> corresponent als anys 2018-2022.<\/strong><\/p>\n<blockquote><p>Consultar <span style=\"color: #76c8d1;\"><strong><a style=\"color: #76c8d1;\" href=\"https:\/\/infermeriabalear.com\/wp-content\/uploads\/2024\/08\/Convocatoria_extraord_CA.pdf\" target=\"_blank\" rel=\"noopener\">Convocat\u00f2ria<\/a><\/strong><\/span><\/p><\/blockquote>\n<p>&nbsp;<\/p>\n<p>-Termini de presentaci\u00f3 de sol\u00b7licituds: <strong>del 28 d'agost al 24 de setembre de 2024, ambd\u00f3s inclosos.<\/strong><\/p>\n<p><strong>-IMPORTANT<\/strong>: En aquest procediment extraordinari nom\u00e9s es pot adquirir <strong>un nivell de carrera<\/strong>\u00a0en la categoria en la qual es participi.<\/p>\n<blockquote><p><span style=\"color: #76c8d1;\"><strong>-Dates de tall:<\/strong><\/span><br \/>\n30 de juny de 2018<br \/>\n30 de juny de 2019<br \/>\n30 de juny de 2020<br \/>\n30 de juny de 2021<br \/>\n30 de juny de 2022<\/p><\/blockquote>\n<p>&nbsp;<\/p>\n<p><strong>-Requisits per a participar en aquesta convocat\u00f2ria:<\/strong><\/p>\n<p>a) Pert\u00e0nyer a algun dels col\u00b7lectius indicats en <em><span style=\"color: #000000;\">l'apartat 2<\/span><\/em> d'aquesta convocat\u00f2ria.<br \/>\nb) Trobar-se en situaci\u00f3 de servei actiu en el Servei de Salut de les Illes Balears o en qualsevol altra situaci\u00f3 administrativa de les previstes en aquesta convocat\u00f2ria que suposi la reserva de lloc o de pla\u00e7a en les dates de tall indicades cada any<span style=\"color: #000000;\"><em> (30 de juny dels <\/em><\/span><span style=\"color: #000000;\"><em>anys de 2018 a 2022).<\/em><\/span><br \/>\nc) Haver prestat en el Servei de Salut <span style=\"color: #000000;\"><em>un m\u00ednim de 5 anys<\/em><\/span> de serveis en la mateixa categoria abans de la data de tall. S'entenen com a serveis prestats en el Servei de Salut els descrits en el punt 8 d'aquesta convocat\u00f2ria.<br \/>\nd) Tenir reconegut el nivell immediatament anterior quan es tracti d'accedir als nivells II, III o IV, respectivament.<br \/>\ne) Formalitzar telem\u00e0ticament la sol\u00b7licitud en el termini de vint dies h\u00e0bils a partir de l'endem\u00e0 de la publicaci\u00f3 d'aquesta convocat\u00f2ria en el Butllet\u00ed Oficial de les Illes Balears.<\/p>\n<p>&nbsp;<\/p>\n<p>-M\u00e9s informaci\u00f3:\u00a0<a href=\"https:\/\/www.ibsalut.es\/es\/profesionales\/recursos-humanos\/carrera-profesional\" target=\"_blank\" rel=\"noopener\"><strong><em>IBSALUT-Carrera Professional<\/em><\/strong><\/a><\/p>","protected":false},"excerpt":{"rendered":"<p>BOIB 27\/08\/2024: Resoluci\u00f3n del director general del Servicio de Salud de las Islas Baleares por la que se convoca un&#8230;<\/p>","protected":false},"author":14,"featured_media":24918,"comment_status":"open","ping_status":"closed","sticky":false,"template":"","format":"standard","meta":{"footnotes":""},"categories":[313],"tags":[1198,446],"class_list":["post-39881","post","type-post","status-publish","format-standard","has-post-thumbnail","hentry","category-concurso_opos","tag-carrera-profesional","tag-ibsalut"],"_links":{"self":[{"href":"https:\/\/infermeriabalear.com\/ca\/wp-json\/wp\/v2\/posts\/39881","targetHints":{"allow":["GET"]}}],"collection":[{"href":"https:\/\/infermeriabalear.com\/ca\/wp-json\/wp\/v2\/posts"}],"about":[{"href":"https:\/\/infermeriabalear.com\/ca\/wp-json\/wp\/v2\/types\/post"}],"author":[{"embeddable":true,"href":"https:\/\/infermeriabalear.com\/ca\/wp-json\/wp\/v2\/users\/14"}],"replies":[{"embeddable":true,"href":"https:\/\/infermeriabalear.com\/ca\/wp-json\/wp\/v2\/comments?post=39881"}],"version-history":[{"count":8,"href":"https:\/\/infermeriabalear.com\/ca\/wp-json\/wp\/v2\/posts\/39881\/revisions"}],"predecessor-version":[{"id":39890,"href":"https:\/\/infermeriabalear.com\/ca\/wp-json\/wp\/v2\/posts\/39881\/revisions\/39890"}],"wp:featuredmedia":[{"embeddable":true,"href":"https:\/\/infermeriabalear.com\/ca\/wp-json\/wp\/v2\/media\/24918"}],"wp:attachment":[{"href":"https:\/\/infermeriabalear.com\/ca\/wp-json\/wp\/v2\/media?parent=39881"}],"wp:term":[{"taxonomy":"category","embeddable":true,"href":"https:\/\/infermeriabalear.com\/ca\/wp-json\/wp\/v2\/categories?post=39881"},{"taxonomy":"post_tag","embeddable":true,"href":"https:\/\/infermeriabalear.com\/ca\/wp-json\/wp\/v2\/tags?post=39881"}],"curies":[{"name":"wp","href":"https:\/\/api.w.org\/{rel}","templated":true}]}}