{"id":40075,"date":"2024-09-12T10:20:34","date_gmt":"2024-09-12T08:20:34","guid":{"rendered":"https:\/\/infermeriabalear.com\/?p=40075"},"modified":"2024-09-17T16:29:43","modified_gmt":"2024-09-17T14:29:43","slug":"el-coiba-presenta-un-centenar-de-aportaciones-al-borrador-del-pacte-per-la-salut-2","status":"publish","type":"post","link":"https:\/\/infermeriabalear.com\/ca\/2024\/09\/12\/el-coiba-presenta-un-centenar-de-aportaciones-al-borrador-del-pacte-per-la-salut-2\/","title":{"rendered":"El COIBA presenta un centenar d\u2019aportacions a l\u2019esborrany del Pacte per la Salut"},"content":{"rendered":"<h5 style=\"text-align: center;\"><em>El Col\u00b7legi Oficial d\u2019Infermeres i Infermers de les Illes Balears valora positivament el proc\u00e9s participatiu, per\u00f2 insisteix que manca un diagn\u00f2stic de la salut i del sistema sanitari balear<\/em><\/h5>\n<p>&nbsp;<\/p>\n<p>El Col\u00b7legi Oficial d\u2019Infermeres i Infermers de les Illes Balears (COIBA) ha presentat un centenar d\u2019aportacions a l\u2019esborrany del Pacte per la Salut presentat per la Conselleria de Salut de les Illes Balears, i que fins a la setmana passada estava obert a la revisi\u00f3 per part de les entitats participants. <strong>\u201cLes nostres aportacions proposen mesures que hem trobat a faltar i millores als punts que ja es recullen; totes elles imprescindibles per poder realment tenir una estrat\u00e8gia que permeti assegurar una atenci\u00f3 sanit\u00e0ria de qualitat per a tota la ciutadania, aix\u00ed com per a tots els col\u00b7lectius de professionals sanitaris, sense exclusions\u201d<\/strong>, ha explicado su presidenta, Maria Jos\u00e9 Sastre.<\/p>\n<p><span class=\"selectable-text copyable-text\">A m\u00e9s, des del COIBA s\u2019insisteix en la necessitat d\u2019haver dut a terme un diagn\u00f2stic de la situaci\u00f3 actual de salut a les Illes Balears, aix\u00ed com del sistema sanitari balear. <strong>\u201cCreiem que nom\u00e9s amb un diagn\u00f2stic compartit i consensuat, el m\u00e9s ampli possible i amb aportacions de tothom, es garantir\u00e0 que aquest Pacte per la Salut abordi realment totes les necessitats en termes de salut de la poblaci\u00f3 de les Illes Balears\u201d,<\/strong>ha exposat Sastre.<\/span><\/p>\n<p>El Col\u00b7legi valora positivament el proc\u00e9s participatiu i ja va intervenir activament en tots els grups de feina previs a comptar amb aquest esborrany, el qual  va presentar  la Conselleria el mes juliol per despr\u00e9s obrir a un per\u00edode d'aportacions per a les entitats participants. Aix\u00ed mateix, l\u2019\u00f2rgan col\u00b7legial mostra la seva disposici\u00f3 a continuar aportant millores a un document que per Sastre, <strong>\u201cencara necessita m\u00e9s desenvolupament, comptar amb m\u00e9s mesures amb evid\u00e8ncia i un calendari d\u2019execuci\u00f3 i avaluacions d\u2019aquestes\u201d.<\/strong>.<\/p>\n<p><strong>Principals aportacions del COIBA al Pacte per la Salut<\/strong><\/p>\n<p>En concret, pel que fa a la cura, retenci\u00f3 i captaci\u00f3 dels professionals, el COIBA proposa que se centri m\u00e9s en la realitzaci\u00f3 de contractes de llarga durada que afavoreixin l\u2019estabilitat, la revisi\u00f3 dels criteris de la borsa \u00fanica i el desenvolupament de les especialitats infermeres.<\/p>\n<p>Tamb\u00e9 s\u2019han reclamat m\u00e9s mesures per millorar les llistes d\u2019espera, l\u2019accessibilitat i l\u2019atenci\u00f3, especialment en mat\u00e8ria de cronicitat i persones majors. Per exemple, s\u2019ha de garantir l'accessibilitat telef\u00f2nica als centres de salut i facilitar la comunicaci\u00f3 amb els professionals d\u2019atenci\u00f3 prim\u00e0ria i, davant els mencionats col\u00b7lectius, afavorir que s\u2019unifiquin les cites en un mateix dia.  A m\u00e9s, en el cas concret de les persones majors, el COIBA considera que el Pacte hauria de contemplar desenvolupar un pla de prevenci\u00f3 de la soledat. En mat\u00e8ria de salut mental, s\u2019ha trobat a faltar un objectiu que promogui la prevenci\u00f3 i promoci\u00f3 de la salut mental des de l\u2019\u00e0mbit comunitari.<\/p>\n<p>A m\u00e9s, des del COIBA es proposa incloure una nova l\u00ednia d\u2019actuaci\u00f3 al Pacte que treballi l\u2019atenci\u00f3 a la salut afectiva-sexual i reproductiva. En aquesta, entre altres q\u00fcestions, el COIBA proposa recuperar el projecte del centre de naixements i potenciar la lact\u00e0ncia materna com una aposta de salut p\u00fablica.<\/p>\n<p><strong>Podeu llegir les aportacions completes <span style=\"color: #73c8d1;\"><a style=\"color: #73c8d1;\" href=\"https:\/\/infermeriabalear.com\/wp-content\/uploads\/2024\/09\/APORTACIONS-AL-PACTE-PER-LA-SALUT_COIBA.pdf\" target=\"_blank\" rel=\"noopener\">AQU\u00cd<\/a><\/span>.<\/strong><\/p>","protected":false},"excerpt":{"rendered":"<p>El Col\u00b7legi Oficial d\u2019Infermeres i Infermers de les Illes Balears (COIBA) valora positivamente el proceso participativo, pero insiste en que&#8230;<\/p>","protected":false},"author":19,"featured_media":40084,"comment_status":"open","ping_status":"closed","sticky":false,"template":"","format":"standard","meta":{"footnotes":""},"categories":[315],"tags":[],"class_list":["post-40075","post","type-post","status-publish","format-standard","has-post-thumbnail","hentry","category-noticias"],"_links":{"self":[{"href":"https:\/\/infermeriabalear.com\/ca\/wp-json\/wp\/v2\/posts\/40075","targetHints":{"allow":["GET"]}}],"collection":[{"href":"https:\/\/infermeriabalear.com\/ca\/wp-json\/wp\/v2\/posts"}],"about":[{"href":"https:\/\/infermeriabalear.com\/ca\/wp-json\/wp\/v2\/types\/post"}],"author":[{"embeddable":true,"href":"https:\/\/infermeriabalear.com\/ca\/wp-json\/wp\/v2\/users\/19"}],"replies":[{"embeddable":true,"href":"https:\/\/infermeriabalear.com\/ca\/wp-json\/wp\/v2\/comments?post=40075"}],"version-history":[{"count":6,"href":"https:\/\/infermeriabalear.com\/ca\/wp-json\/wp\/v2\/posts\/40075\/revisions"}],"predecessor-version":[{"id":40081,"href":"https:\/\/infermeriabalear.com\/ca\/wp-json\/wp\/v2\/posts\/40075\/revisions\/40081"}],"wp:featuredmedia":[{"embeddable":true,"href":"https:\/\/infermeriabalear.com\/ca\/wp-json\/wp\/v2\/media\/40084"}],"wp:attachment":[{"href":"https:\/\/infermeriabalear.com\/ca\/wp-json\/wp\/v2\/media?parent=40075"}],"wp:term":[{"taxonomy":"category","embeddable":true,"href":"https:\/\/infermeriabalear.com\/ca\/wp-json\/wp\/v2\/categories?post=40075"},{"taxonomy":"post_tag","embeddable":true,"href":"https:\/\/infermeriabalear.com\/ca\/wp-json\/wp\/v2\/tags?post=40075"}],"curies":[{"name":"wp","href":"https:\/\/api.w.org\/{rel}","templated":true}]}}