{"id":40587,"date":"2024-10-11T20:53:33","date_gmt":"2024-10-11T18:53:33","guid":{"rendered":"https:\/\/infermeriabalear.com\/?p=40587"},"modified":"2024-10-11T20:53:33","modified_gmt":"2024-10-11T18:53:33","slug":"ibsalut-concurso-traslados-categoria-de-enfermera-listado-definitivo-de-admitidos-y-excluidos","status":"publish","type":"post","link":"https:\/\/infermeriabalear.com\/ca\/2024\/10\/11\/ibsalut-concurso-traslados-categoria-de-enfermera-listado-definitivo-de-admitidos-y-excluidos\/","title":{"rendered":"IBSALUT-Concurs TRASLLATS categoria d'Infermera. Llistat DEFINITIU d'admesos i exclosos"},"content":{"rendered":"<p>11\/10\/2024: Resoluci\u00f3 del director general del Servei de Salut de les Illes Balears per les que s'aproven les llistes definitives de persones candidates admeses i de persones excloses en el concurs de trasllats voluntari per a proveir places b\u00e0siques vacants de personal estatutari de la categoria <strong>d'Infermer\/Infermera<\/strong><\/p>\n<blockquote><p>-Consultar <span style=\"color: #76c8d1;\"><strong><a style=\"color: #76c8d1;\" href=\"https:\/\/infermeriabalear.com\/wp-content\/uploads\/2024\/10\/persones-admeses-i-excloses.pdf\" target=\"_blank\" rel=\"noopener\">Resoluci\u00f3 i Llista<\/a><\/strong><\/span><\/p><\/blockquote>\n<p>&nbsp;<\/p>\n<p>-Termini de sol\u00b7licitud i registre d'elecci\u00f3 de places: <strong>5 dies h\u00e0bils<\/strong>, a comptar des del dia seg\u00fcent de la publicaci\u00f3 d'aquesta resoluci\u00f3 <span style=\"color: #000000;\">(fins al 18\/10\/2024)<span style=\"color: #808080;\">,a trav\u00e9s de la<\/span> <a href=\"https:\/\/www.caib.es\/ibscandidat\/j_security_lang?lang=es\" target=\"_blank\" rel=\"noopener\"><span style=\"color: #76c8d1;\"><strong>web del candidat<\/strong><\/span><\/a><\/span><\/p>\n<p>&nbsp;<\/p>\n<p>-M\u00e9s informaci\u00f3: \u00a0<strong><a href=\"https:\/\/www.ibsalut.es\/professionals\/recursos-humans\/concurs-de-trasllats\/concurs\" target=\"_blank\" rel=\"noopener\"><em>IBSALUT-Concurs Trasllats<\/em><\/a><\/strong><\/p>","protected":false},"excerpt":{"rendered":"<p>11\/10\/2024: Resoluci\u00f3n del director general del Servicio de Salud de las Illes Balears por las que se aprueban las listas&#8230;<\/p>","protected":false},"author":14,"featured_media":36928,"comment_status":"open","ping_status":"closed","sticky":false,"template":"","format":"standard","meta":{"footnotes":""},"categories":[313],"tags":[393,446,1208,1112],"class_list":["post-40587","post","type-post","status-publish","format-standard","has-post-thumbnail","hentry","category-concurso_opos","tag-enfermera","tag-ibsalut","tag-lista-definitiva","tag-traslados"],"_links":{"self":[{"href":"https:\/\/infermeriabalear.com\/ca\/wp-json\/wp\/v2\/posts\/40587","targetHints":{"allow":["GET"]}}],"collection":[{"href":"https:\/\/infermeriabalear.com\/ca\/wp-json\/wp\/v2\/posts"}],"about":[{"href":"https:\/\/infermeriabalear.com\/ca\/wp-json\/wp\/v2\/types\/post"}],"author":[{"embeddable":true,"href":"https:\/\/infermeriabalear.com\/ca\/wp-json\/wp\/v2\/users\/14"}],"replies":[{"embeddable":true,"href":"https:\/\/infermeriabalear.com\/ca\/wp-json\/wp\/v2\/comments?post=40587"}],"version-history":[{"count":1,"href":"https:\/\/infermeriabalear.com\/ca\/wp-json\/wp\/v2\/posts\/40587\/revisions"}],"predecessor-version":[{"id":40589,"href":"https:\/\/infermeriabalear.com\/ca\/wp-json\/wp\/v2\/posts\/40587\/revisions\/40589"}],"wp:featuredmedia":[{"embeddable":true,"href":"https:\/\/infermeriabalear.com\/ca\/wp-json\/wp\/v2\/media\/36928"}],"wp:attachment":[{"href":"https:\/\/infermeriabalear.com\/ca\/wp-json\/wp\/v2\/media?parent=40587"}],"wp:term":[{"taxonomy":"category","embeddable":true,"href":"https:\/\/infermeriabalear.com\/ca\/wp-json\/wp\/v2\/categories?post=40587"},{"taxonomy":"post_tag","embeddable":true,"href":"https:\/\/infermeriabalear.com\/ca\/wp-json\/wp\/v2\/tags?post=40587"}],"curies":[{"name":"wp","href":"https:\/\/api.w.org\/{rel}","templated":true}]}}