{"id":41201,"date":"2024-12-05T12:09:34","date_gmt":"2024-12-05T11:09:34","guid":{"rendered":"https:\/\/infermeriabalear.com\/?p=41201"},"modified":"2024-12-09T10:04:53","modified_gmt":"2024-12-09T09:04:53","slug":"concurso-oposicion-ibsalut-lista-de-personas-que-han-superado-el-concurso-oposicion-de-la-categoria-de-enfermera-y-correccion-de-errores","status":"publish","type":"post","link":"https:\/\/infermeriabalear.com\/ca\/2024\/12\/05\/concurso-oposicion-ibsalut-lista-de-personas-que-han-superado-el-concurso-oposicion-de-la-categoria-de-enfermera-y-correccion-de-errores\/","title":{"rendered":"Concurs-Oposici\u00f3 IBSALUT: Llista de persones que han superat el Concurs-Oposici\u00f3 de la categoria d'INFERMERA i correcci\u00f3 d'ERRORS"},"content":{"rendered":"<p><span style=\"color: #000000;\">04\/12\/2024:<\/span> Resoluci\u00f3 del Director General del Servei de Salut de les illes Balears per la qual s'aprova la llista de persones que han superat el concurs oposici\u00f3 derivat de l'oferta d'ocupaci\u00f3 p\u00fablica addicional d'estabilitat ordin\u00e0ria i excepcional d'estabilitzaci\u00f3 per a cobrir places vacants en la categoria <strong>d'infermer\/infermera<\/strong> del Servei de Salut de les Illes Balears.<\/p>\n<p>Consultar documents:<\/p>\n<blockquote><p><span style=\"color: #76c8d1;\"><strong><a style=\"color: #76c8d1;\" href=\"https:\/\/infermeriabalear.com\/wp-content\/uploads\/2024\/12\/Resolucio.pdf\" target=\"_blank\" rel=\"noopener\">-Resoluci\u00f3 i Llista<\/a><\/strong><\/span><\/p>\n<p><span style=\"color: #76c8d1;\"><strong><a style=\"color: #76c8d1;\" href=\"https:\/\/infermeriabalear.com\/wp-content\/uploads\/2024\/12\/NOTA-INFORMATIVA-SALUT-LABORAL-2.pdf\" target=\"_blank\" rel=\"noopener\">-Nota Informativa<\/a><\/strong><\/span><\/p>\n<p><span style=\"color: #76c8d1;\"><strong><a style=\"color: #76c8d1;\" href=\"https:\/\/infermeriabalear.com\/wp-content\/uploads\/2024\/12\/DECLARACIO-RESPONSABLE.pdf\" target=\"_blank\" rel=\"noopener\">-Declaraci\u00f3 Responsable<\/a><\/strong><\/span><\/p>\n<p><span style=\"color: #76c8d1;\"><strong><a style=\"color: #76c8d1;\" href=\"https:\/\/infermeriabalear.com\/wp-content\/uploads\/2024\/12\/Presentacio-de-documentacio.pdf\" target=\"_blank\" rel=\"noopener\">-Termini de presentaci\u00f3 de documentaci\u00f3:<\/a><\/strong><\/span><\/p>\n<p><span style=\"color: #76c8d1;\"><strong><a style=\"color: #76c8d1;\" href=\"https:\/\/infermeriabalear.com\/wp-content\/uploads\/2024\/12\/Resolucio-2a-correccio-annex-4.pdf\" target=\"_blank\" rel=\"noopener\">-2\u00aa Correcci\u00f3 Errors-Annex 4<\/a><\/strong><\/span><\/p><\/blockquote>\n<p>&nbsp;<\/p>\n<p>S'obre un termini de 10 dies h\u00e0bils, <strong>fins al 19 de desembre de 2024,<\/strong> per a triar pla\u00e7a per via telem\u00e0tica mitjan\u00e7ant la web del candidat, determinant per a totes i cadascuna d'elles un n\u00famero de major a menor inter\u00e8s. En aquest termini, les persones que figuren en l'Annex 2 i en l'Annex 3 assenyalades amb asterisc han de <strong>presentar la documentaci\u00f3<\/strong>. La documentaci\u00f3 es presentar\u00e0 en el Registre General dels Serveis Centrals, en el registre de qualsevol ger\u00e8ncia del Servei de Salut i per registre electr\u00f2nic.<\/p>\n<p>-Veure informaci\u00f3 completa de tot el proc\u00e9s: <a href=\"https:\/\/www.ibsalut.es\/professionals\/recursos-humans\/treballa-amb-nosaltres\/oposicions\/oposicio\" target=\"_blank\" rel=\"noopener\"><span style=\"color: #76c8d1;\"><strong><em>IBSALUT-Concurs-Oposici\u00f3 INFERMERA<\/em><\/strong><\/span><\/a><\/p>","protected":false},"excerpt":{"rendered":"<p>04\/12\/2024: Resoluci\u00f3n del Director General del Servicio de Salud de las Islas Baleares por la que se aprueba la lista&#8230;<\/p>","protected":false},"author":14,"featured_media":36931,"comment_status":"open","ping_status":"closed","sticky":false,"template":"","format":"standard","meta":{"footnotes":""},"categories":[313],"tags":[948,393,401],"class_list":["post-41201","post","type-post","status-publish","format-standard","has-post-thumbnail","hentry","category-concurso_opos","tag-concurso-oposicion","tag-enfermera","tag-lista"],"_links":{"self":[{"href":"https:\/\/infermeriabalear.com\/ca\/wp-json\/wp\/v2\/posts\/41201","targetHints":{"allow":["GET"]}}],"collection":[{"href":"https:\/\/infermeriabalear.com\/ca\/wp-json\/wp\/v2\/posts"}],"about":[{"href":"https:\/\/infermeriabalear.com\/ca\/wp-json\/wp\/v2\/types\/post"}],"author":[{"embeddable":true,"href":"https:\/\/infermeriabalear.com\/ca\/wp-json\/wp\/v2\/users\/14"}],"replies":[{"embeddable":true,"href":"https:\/\/infermeriabalear.com\/ca\/wp-json\/wp\/v2\/comments?post=41201"}],"version-history":[{"count":11,"href":"https:\/\/infermeriabalear.com\/ca\/wp-json\/wp\/v2\/posts\/41201\/revisions"}],"predecessor-version":[{"id":41214,"href":"https:\/\/infermeriabalear.com\/ca\/wp-json\/wp\/v2\/posts\/41201\/revisions\/41214"}],"wp:featuredmedia":[{"embeddable":true,"href":"https:\/\/infermeriabalear.com\/ca\/wp-json\/wp\/v2\/media\/36931"}],"wp:attachment":[{"href":"https:\/\/infermeriabalear.com\/ca\/wp-json\/wp\/v2\/media?parent=41201"}],"wp:term":[{"taxonomy":"category","embeddable":true,"href":"https:\/\/infermeriabalear.com\/ca\/wp-json\/wp\/v2\/categories?post=41201"},{"taxonomy":"post_tag","embeddable":true,"href":"https:\/\/infermeriabalear.com\/ca\/wp-json\/wp\/v2\/tags?post=41201"}],"curies":[{"name":"wp","href":"https:\/\/api.w.org\/{rel}","templated":true}]}}