{"id":41436,"date":"2024-12-16T10:48:08","date_gmt":"2024-12-16T09:48:08","guid":{"rendered":"https:\/\/infermeriabalear.com\/?p=41436"},"modified":"2024-12-23T10:57:29","modified_gmt":"2024-12-23T09:57:29","slug":"carrera-profesional-el-ibsalut-publica-el-listado-definitivo-de-personas-que-adquiren-o-progresan-de-nivel-de-la-convocatoria-extraordinaria-correspondiente-al-periodo-20218-2022","status":"publish","type":"post","link":"https:\/\/infermeriabalear.com\/ca\/2024\/12\/16\/carrera-profesional-el-ibsalut-publica-el-listado-definitivo-de-personas-que-adquiren-o-progresan-de-nivel-de-la-convocatoria-extraordinaria-correspondiente-al-periodo-20218-2022\/","title":{"rendered":"CARRERA PROFESSIONAL: L'IbSalut publica el llistat DEFINITIU de persones que adquireixen o progressen de nivell, de la convocat\u00f2ria extraordin\u00e0ria, corrresponent al per\u00edode 2018-2022."},"content":{"rendered":"<p>14\/12\/2024: Resoluci\u00f3 del director general del Servei de Salut de les Illes Balears per la que s'aprova la llista <em><strong>definitiva<\/strong><\/em> de persones que adquireixen o progressen de nivell en la <em><strong>carrera professional<\/strong><\/em>, la llista d'exclosos i la llista d'inadmesos  en la convocat\u00f2ria extraordin\u00e0ria d'acc\u00e9s i progressi\u00f3 a la carrera professional 2018-2022.<\/p>\n<blockquote><p>-Consultar <span style=\"color: #76c8d1;\"><strong><a style=\"color: #76c8d1;\" href=\"https:\/\/infermeriabalear.com\/wp-content\/uploads\/2024\/12\/1.-Resolucio-llista-definitiva-admesos-exclosos_CA.pdf\" target=\"_blank\" rel=\"noopener\">Resoluci\u00f3 i llista<\/a><\/strong><\/span><\/p><\/blockquote>\n<p>&nbsp;<\/p>\n<p>-M\u00e9s informaci\u00f3: \u00a0<strong><a href=\"https:\/\/www.ibsalut.es\/professionals\/recursos-humans\/carrera-professional\/proces-extraordinari-2018-2022\" target=\"_blank\" rel=\"noopener\"><em>IBSALUT-Carrera Professional<\/em><\/a><\/strong><\/p>","protected":false},"excerpt":{"rendered":"<p>14\/12\/2024: Resoluci\u00f3n del director general del Servicio de Salud de las Islas Baleares por la que se aprueba la lista&#8230;<\/p>","protected":false},"author":14,"featured_media":24918,"comment_status":"open","ping_status":"closed","sticky":false,"template":"","format":"standard","meta":{"footnotes":""},"categories":[313],"tags":[1198,393,446,1208],"class_list":["post-41436","post","type-post","status-publish","format-standard","has-post-thumbnail","hentry","category-concurso_opos","tag-carrera-profesional","tag-enfermera","tag-ibsalut","tag-lista-definitiva"],"_links":{"self":[{"href":"https:\/\/infermeriabalear.com\/ca\/wp-json\/wp\/v2\/posts\/41436","targetHints":{"allow":["GET"]}}],"collection":[{"href":"https:\/\/infermeriabalear.com\/ca\/wp-json\/wp\/v2\/posts"}],"about":[{"href":"https:\/\/infermeriabalear.com\/ca\/wp-json\/wp\/v2\/types\/post"}],"author":[{"embeddable":true,"href":"https:\/\/infermeriabalear.com\/ca\/wp-json\/wp\/v2\/users\/14"}],"replies":[{"embeddable":true,"href":"https:\/\/infermeriabalear.com\/ca\/wp-json\/wp\/v2\/comments?post=41436"}],"version-history":[{"count":6,"href":"https:\/\/infermeriabalear.com\/ca\/wp-json\/wp\/v2\/posts\/41436\/revisions"}],"predecessor-version":[{"id":41443,"href":"https:\/\/infermeriabalear.com\/ca\/wp-json\/wp\/v2\/posts\/41436\/revisions\/41443"}],"wp:featuredmedia":[{"embeddable":true,"href":"https:\/\/infermeriabalear.com\/ca\/wp-json\/wp\/v2\/media\/24918"}],"wp:attachment":[{"href":"https:\/\/infermeriabalear.com\/ca\/wp-json\/wp\/v2\/media?parent=41436"}],"wp:term":[{"taxonomy":"category","embeddable":true,"href":"https:\/\/infermeriabalear.com\/ca\/wp-json\/wp\/v2\/categories?post=41436"},{"taxonomy":"post_tag","embeddable":true,"href":"https:\/\/infermeriabalear.com\/ca\/wp-json\/wp\/v2\/tags?post=41436"}],"curies":[{"name":"wp","href":"https:\/\/api.w.org\/{rel}","templated":true}]}}