{"id":41778,"date":"2025-01-31T13:28:42","date_gmt":"2025-01-31T12:28:42","guid":{"rendered":"https:\/\/infermeriabalear.com\/?p=41778"},"modified":"2025-02-10T17:37:15","modified_gmt":"2025-02-10T16:37:15","slug":"comunicado-del-coiba-en-relacion-con-la-situacion-de-la-residencia-de-formentera","status":"publish","type":"post","link":"https:\/\/infermeriabalear.com\/ca\/2025\/01\/31\/comunicado-del-coiba-en-relacion-con-la-situacion-de-la-residencia-de-formentera\/","title":{"rendered":"Comunicat del COIBA sobre la situaci\u00f3 de la resid\u00e8ncia de Formentera"},"content":{"rendered":"<p>En refer\u00e8ncia a les not\u00edcies publicades sobre la situaci\u00f3 de la resid\u00e8ncia de persones grans de Formentera (Resid\u00e8ncia des Brolls), el Col\u00b7legi Oficial d\u2019Infermeres i Infermers de les Illes Balears (COIBA) segueix amb preocupaci\u00f3 la situaci\u00f3 i insta a tots els \u00f2rgans competents a actuar amb rapidesa per determinar i prendre les diferents mesures que estan al seu abast.<\/p>\n<p>En aquest sentit, la Junta Insular del COIBA d\u2019Eivissa i Formentera, com a \u00f2rgan que vetlla tant pel benestar de les infermeres com per la protecci\u00f3 del dret a la salut de la poblaci\u00f3 de les Balears, entre altres accions, es reunir\u00e0 pr\u00f2ximament amb la consellera de Benestar Social del Consell Insular de Formentera, Cristina Costa, per fer seguiment de l\u2019evoluci\u00f3 de la situaci\u00f3 i vetllar perqu\u00e8 es garanteixi el dret dels usuaris a rebre una cura de qualitat. En aquest sentit, davant el fet que actualment nom\u00e9s hi ha una infermera treballant a la resid\u00e8ncia, el COIBA incideix en la necessitat d\u2019augmentar els esfor\u00e7os en aquest sentit i recorda que, per poder garantir a les resid\u00e8ncies un pla de cura de qualitat a les persones majors, \u00e9s fonamental comptar amb un nombre suficient i adequat d\u2019infermeres, especialment d\u2019especialistes en Geriatria, que son les professionals amb la formaci\u00f3 i les compet\u00e8ncies necess\u00e0ries per planificar, executar i avaluar aquest pla de cura.<\/p>\n<p>A m\u00e9s, el COIBA recorda que t\u00e9 a disposici\u00f3<span style=\"color: #73c8d1;\"> <a style=\"color: #73c8d1;\" href=\"https:\/\/infermeriabalear.com\/ca\/comision-persones-grans\/\">un canal de notificaciones<\/a><\/span> per tal que els professionals i la ciutadania que detectin una possible situaci\u00f3 de vulneraci\u00f3 dels drets, ab\u00fas o maltractament a persones grans puguin posar-ho en coneixement del col\u00b7legi, el qual activar\u00e0 els mecanismes pertinents al seu abast i ho notificar\u00e0 a les administracions o autoritats, sempre reservant la identitat de qui ha fet arribar l'alerta, amb l\u2019objectiu de protegir els m\u00e9s vulnerables de situacions que puguin posar en perill la seva integritat o qualitat de vida.<\/p>","protected":false},"excerpt":{"rendered":"<p>En relaci\u00f3n con las noticias publicadas sobre la situaci\u00f3n de la residencia de personas mayores de Formentera (Residencia des\u00a0Brolls), el&#8230;<\/p>","protected":false},"author":19,"featured_media":35934,"comment_status":"open","ping_status":"closed","sticky":false,"template":"","format":"standard","meta":{"footnotes":""},"categories":[376,315],"tags":[],"class_list":["post-41778","post","type-post","status-publish","format-standard","has-post-thumbnail","hentry","category-noticias-destacadas-2columna","category-noticias"],"_links":{"self":[{"href":"https:\/\/infermeriabalear.com\/ca\/wp-json\/wp\/v2\/posts\/41778","targetHints":{"allow":["GET"]}}],"collection":[{"href":"https:\/\/infermeriabalear.com\/ca\/wp-json\/wp\/v2\/posts"}],"about":[{"href":"https:\/\/infermeriabalear.com\/ca\/wp-json\/wp\/v2\/types\/post"}],"author":[{"embeddable":true,"href":"https:\/\/infermeriabalear.com\/ca\/wp-json\/wp\/v2\/users\/19"}],"replies":[{"embeddable":true,"href":"https:\/\/infermeriabalear.com\/ca\/wp-json\/wp\/v2\/comments?post=41778"}],"version-history":[{"count":1,"href":"https:\/\/infermeriabalear.com\/ca\/wp-json\/wp\/v2\/posts\/41778\/revisions"}],"predecessor-version":[{"id":41780,"href":"https:\/\/infermeriabalear.com\/ca\/wp-json\/wp\/v2\/posts\/41778\/revisions\/41780"}],"wp:featuredmedia":[{"embeddable":true,"href":"https:\/\/infermeriabalear.com\/ca\/wp-json\/wp\/v2\/media\/35934"}],"wp:attachment":[{"href":"https:\/\/infermeriabalear.com\/ca\/wp-json\/wp\/v2\/media?parent=41778"}],"wp:term":[{"taxonomy":"category","embeddable":true,"href":"https:\/\/infermeriabalear.com\/ca\/wp-json\/wp\/v2\/categories?post=41778"},{"taxonomy":"post_tag","embeddable":true,"href":"https:\/\/infermeriabalear.com\/ca\/wp-json\/wp\/v2\/tags?post=41778"}],"curies":[{"name":"wp","href":"https:\/\/api.w.org\/{rel}","templated":true}]}}