{"id":41910,"date":"2025-02-05T13:27:40","date_gmt":"2025-02-05T12:27:40","guid":{"rendered":"https:\/\/infermeriabalear.com\/?p=41910"},"modified":"2025-02-21T12:58:32","modified_gmt":"2025-02-21T11:58:32","slug":"v-premio-coiba-a-proyectos-sociales-para-el-proyecto-pares-acompanamiento-a-personas-afectadas-por-el-vih-de-alas-salut-i-sexualitats","status":"publish","type":"post","link":"https:\/\/infermeriabalear.com\/ca\/2025\/02\/05\/v-premio-coiba-a-proyectos-sociales-para-el-proyecto-pares-acompanamiento-a-personas-afectadas-por-el-vih-de-alas-salut-i-sexualitats\/","title":{"rendered":"V Premi COIBA a Projectes Socials per al \u201cPROYECTO PARES. Acompa\u00f1amiento a personas afectadas por el VIH\u201d d\u2019ALAS Salut i Sexualitats"},"content":{"rendered":"<p><img loading=\"lazy\" decoding=\"async\" class=\"wp-image-41913 aligncenter\" src=\"https:\/\/infermeriabalear.com\/wp-content\/uploads\/2025\/02\/Premi-COIBA-per-ALAS-1-scaled-e1738758404557.jpeg\" alt=\"\" width=\"712\" height=\"401\" srcset=\"https:\/\/infermeriabalear.com\/wp-content\/uploads\/2025\/02\/Premi-COIBA-per-ALAS-1-scaled-e1738758404557.jpeg 2560w, https:\/\/infermeriabalear.com\/wp-content\/uploads\/2025\/02\/Premi-COIBA-per-ALAS-1-scaled-e1738758404557-300x169.jpeg 300w, https:\/\/infermeriabalear.com\/wp-content\/uploads\/2025\/02\/Premi-COIBA-per-ALAS-1-scaled-e1738758404557-400x225.jpeg 400w, https:\/\/infermeriabalear.com\/wp-content\/uploads\/2025\/02\/Premi-COIBA-per-ALAS-1-scaled-e1738758404557-768x433.jpeg 768w, https:\/\/infermeriabalear.com\/wp-content\/uploads\/2025\/02\/Premi-COIBA-per-ALAS-1-scaled-e1738758404557-1536x865.jpeg 1536w, https:\/\/infermeriabalear.com\/wp-content\/uploads\/2025\/02\/Premi-COIBA-per-ALAS-1-scaled-e1738758404557-2048x1154.jpeg 2048w, https:\/\/infermeriabalear.com\/wp-content\/uploads\/2025\/02\/Premi-COIBA-per-ALAS-1-scaled-e1738758404557-18x10.jpeg 18w\" sizes=\"auto, (max-width: 712px) 100vw, 712px\" \/><\/p>\n<p>El Col\u00b7legi Oficial d\u2019Infermeres i Infermers de les Illes Balears (COIBA) ha atorgat el \u2018V Premi COIBA a Projectes Socials\u2019 a \u201cPROYECTO PARES. Acompa\u00f1amiento a personas afectadas por el VIH\u201d  d\u2019ALAS Salut i Sexualitats, un programa per a la promoci\u00f3 i millora de la qualitat de vida de les persones afectades pel VIH a partir de l'educaci\u00f3 i el suport entre iguals. Avui, en un petit acte a les oficines d\u2019ALAS Salut i Sexualitats, la presidenta del COIBA, Maria Jos\u00e9 Sastre, ha fet entrega de l\u2019ajuda de 5000\u20ac a la presidenta de la ONG, Paz Alcoverro. Tamb\u00e9 han estat acompanyades per la vicepresidenta del COIBA, Pepa Ferr\u00e0, i el coordinador d\u2019ALAS Salut i Sexualitats, Joan Viver.<\/p>\n<p>El \u201cPROYECTO PARES. Acompa\u00f1amiento a personas afectadas por el VIH\u201d ofereix a les persones afectades pel VIH l\u2019acompanyament i el suport entre iguals, i ho fa mitjan\u00e7ant la figura d\u2019una \u201ceducadora Par\u201d, \u00e9s a dir, una pacient experta, i del foment d\u2019activitats i grups de suport entre iguals. Segons expliquen des de l\u2019entitat, quan es rep un diagn\u00f2stic de VIH poder comptar amb una persona que t\u00e9 experi\u00e8ncia en el maneig de la infecci\u00f3 a causa de la seva viv\u00e8ncia personal, pot ser molt benefici\u00f3s i aqu\u00ed \u00e9s on entra en joc la figura de l\u2019educador\/a Par: una persona que, a m\u00e9s de comptar amb l'experi\u00e8ncia de tenir VIH, est\u00e0 formada per fer la tasca d'acompanyament i consell assistit durant el proc\u00e9s. A m\u00e9s, el programa tamb\u00e9 t\u00e9 persones volunt\u00e0ries amb diferents experi\u00e8ncies i perfils per a, segons cada cas, facilitar el vincle necessari i la sensaci\u00f3 de viv\u00e8ncia compartida. Entre els grups d\u2019ajuda entre iguals, destaca \u201cMujeres con ALAS\u201d, com a resposta a la desigualtat de g\u00e8nere i major vulnerabilitat que sofreixen les dones amb VIH davant l\u2019estigma social.<\/p>\n<p><strong><img loading=\"lazy\" decoding=\"async\" class=\"wp-image-41916 alignright\" src=\"https:\/\/infermeriabalear.com\/wp-content\/uploads\/2025\/02\/Premi-COIBA-per-ALAS-5-scaled.jpeg\" alt=\"\" width=\"443\" height=\"333\" srcset=\"https:\/\/infermeriabalear.com\/wp-content\/uploads\/2025\/02\/Premi-COIBA-per-ALAS-5-scaled.jpeg 2560w, https:\/\/infermeriabalear.com\/wp-content\/uploads\/2025\/02\/Premi-COIBA-per-ALAS-5-300x225.jpeg 300w, https:\/\/infermeriabalear.com\/wp-content\/uploads\/2025\/02\/Premi-COIBA-per-ALAS-5-400x300.jpeg 400w, https:\/\/infermeriabalear.com\/wp-content\/uploads\/2025\/02\/Premi-COIBA-per-ALAS-5-768x576.jpeg 768w, https:\/\/infermeriabalear.com\/wp-content\/uploads\/2025\/02\/Premi-COIBA-per-ALAS-5-1536x1152.jpeg 1536w, https:\/\/infermeriabalear.com\/wp-content\/uploads\/2025\/02\/Premi-COIBA-per-ALAS-5-2048x1536.jpeg 2048w, https:\/\/infermeriabalear.com\/wp-content\/uploads\/2025\/02\/Premi-COIBA-per-ALAS-5-16x12.jpeg 16w\" sizes=\"auto, (max-width: 443px) 100vw, 443px\" \/><\/strong><\/p>\n<p>Durant l\u2019acte, Paz Alcoverro, presidenta d\u2019ALAS Salut i Sexualitats, ha agra\u00eft que un cop m\u00e9s, les infermeres han demostrat el seu paper fonamental en la resposta davant el VIH. <strong>\u201cEn aquesta ocasi\u00f3, ens atorguen un premi per a dur a terme la nostra tasca, per\u00f2 nom\u00e9s \u00e9s una passa m\u00e9s en la col\u00b7laboraci\u00f3 i  l'acompanyament a les persones amb VIH que han dut a terme des dels serveis de medicina interna al llarg de la hist\u00f2ria de la infecci\u00f3. Estem molt agra\u00efdes a la seva tasca<\/strong>\", ha afirmat.<\/p>\n<p>Per part seva, la presidenta del COIBA, Maria Jos\u00e9 Sastre, de la iniciativa escollida enguany, ha destacat que<strong>\u201cl\u2019acompanyament i formaci\u00f3 entre iguals t\u00e9 un impacte molt positiu en persones amb processos cr\u00f2nics i ajuda al fet que les persones afectades s\u2019involucrin de manera m\u00e9s activa i participativa en la seva cura; \u00e9s un complement molt valu\u00f3s a l\u2019atenci\u00f3 sanit\u00e0ria\u201d<\/strong>Aix\u00ed mateix, en refer\u00e8ncia als criteris d\u2019avaluaci\u00f3 de les ajudes, Sastre ha apuntat que el programa premiat t\u00e9 en compte de manera notable la perspectiva de g\u00e8nere, un dels principals objectius que es volen fomentar amb aquestes ajudes del COIBA. A m\u00e9s, ha destacat l\u2019enorme i important tasca que duu a terme ALAS Salut i Sexualitats i ha incidit en com el \u201cPROYECTO PARES\u201d millora la qualitat de vida, el benestar de les persones afectades pel VIH i ofereix eines per afrontar noves situacions: <strong>\u201ctot i que s\u2019ha avan\u00e7at molt en la prevenci\u00f3, tractament i atenci\u00f3 del VIH, encara queda cam\u00ed per rec\u00f3rrer, especialment per lluitar contra l\u2019estigma i la discriminaci\u00f3 associades\u201d.<\/strong><strong>\u201d<\/strong><strong>.<\/strong><\/p>\n<p><strong>Ajudes COIBA a Projectes Socials<\/strong><\/p>\n<p>El COIBA des de fa cinc anys llan\u00e7a aquesta convocat\u00f2ria anual d\u2019Ajudes a Projectes Socials mitjan\u00e7ant les quals dona suport a un projecte d\u2019una entitat social. Aquestes ajudes, que han arribat ja a la 5a edici\u00f3, donen suport a iniciatives d'organitzacions sense \u00e0nim de lucre que contribueixin a millorar la qualitat de vida de les persones en situaci\u00f3 de vulnerabilitat i a prevenir l'a\u00efllament i l'exclusi\u00f3 social. En concret, es dirigeix a projectes emmarcats en les seg\u00fcents \u00e0rees: atenci\u00f3 sociosanit\u00e0ria, salut i benestar, ajuda a la inf\u00e0ncia, promoci\u00f3 de l\u2019autonomia personal i atenci\u00f3 a l\u2019envelliment, a la discapacitat i a la malaltia, i millora de la situaci\u00f3 de les dones. En aquesta darrera convocat\u00f2ria, es presentaren un total de 14 projectes per part de diferents entitats, tots ells de gran qualitat i impacte.<\/p>","protected":false},"excerpt":{"rendered":"<p>El Col\u00b7legi Oficial d\u2019Infermeres i Infermers de les Illes Balears (COIBA) ha otorgado el \u2018V Premio\u00a0COIBA\u00a0a Proyectos Sociales\u2019 al \u201cPROYECTO&#8230;<\/p>","protected":false},"author":19,"featured_media":41913,"comment_status":"open","ping_status":"closed","sticky":false,"template":"","format":"standard","meta":{"footnotes":""},"categories":[376,315],"tags":[483,1225,1224],"class_list":["post-41910","post","type-post","status-publish","format-standard","has-post-thumbnail","hentry","category-noticias-destacadas-2columna","category-noticias","tag-ong","tag-projectes-socials","tag-tercer-sector"],"_links":{"self":[{"href":"https:\/\/infermeriabalear.com\/ca\/wp-json\/wp\/v2\/posts\/41910","targetHints":{"allow":["GET"]}}],"collection":[{"href":"https:\/\/infermeriabalear.com\/ca\/wp-json\/wp\/v2\/posts"}],"about":[{"href":"https:\/\/infermeriabalear.com\/ca\/wp-json\/wp\/v2\/types\/post"}],"author":[{"embeddable":true,"href":"https:\/\/infermeriabalear.com\/ca\/wp-json\/wp\/v2\/users\/19"}],"replies":[{"embeddable":true,"href":"https:\/\/infermeriabalear.com\/ca\/wp-json\/wp\/v2\/comments?post=41910"}],"version-history":[{"count":7,"href":"https:\/\/infermeriabalear.com\/ca\/wp-json\/wp\/v2\/posts\/41910\/revisions"}],"predecessor-version":[{"id":41921,"href":"https:\/\/infermeriabalear.com\/ca\/wp-json\/wp\/v2\/posts\/41910\/revisions\/41921"}],"wp:featuredmedia":[{"embeddable":true,"href":"https:\/\/infermeriabalear.com\/ca\/wp-json\/wp\/v2\/media\/41913"}],"wp:attachment":[{"href":"https:\/\/infermeriabalear.com\/ca\/wp-json\/wp\/v2\/media?parent=41910"}],"wp:term":[{"taxonomy":"category","embeddable":true,"href":"https:\/\/infermeriabalear.com\/ca\/wp-json\/wp\/v2\/categories?post=41910"},{"taxonomy":"post_tag","embeddable":true,"href":"https:\/\/infermeriabalear.com\/ca\/wp-json\/wp\/v2\/tags?post=41910"}],"curies":[{"name":"wp","href":"https:\/\/api.w.org\/{rel}","templated":true}]}}