{"id":42837,"date":"2025-04-07T16:23:06","date_gmt":"2025-04-07T14:23:06","guid":{"rendered":"https:\/\/infermeriabalear.com\/?p=42837"},"modified":"2025-04-11T11:01:24","modified_gmt":"2025-04-11T09:01:24","slug":"logro-historico-la-profesion-enfermera-en-el-lugar-que-le-corresponde-dentro-del-lenguaje","status":"publish","type":"post","link":"https:\/\/infermeriabalear.com\/ca\/2025\/04\/07\/logro-historico-la-profesion-enfermera-en-el-lugar-que-le-corresponde-dentro-del-lenguaje\/","title":{"rendered":"Fita hist\u00f2rica: \u201cla professi\u00f3 infermera en el lloc que li correspon dins del llenguatge\u201d"},"content":{"rendered":"<p>La darrera revisi\u00f3 del Diccionari de la Llengua Espanyola (DLE) reconeix els termes \u2018infermera\u2019 i \u2018infermer\u2019 com a adjectius i reestructura les accepcions d'infermeria prioritzant la seva definici\u00f3 com a disciplina i professi\u00f3. Un avan\u00e7 que ha estat possible gr\u00e0cies a la gran feina de Rosamar\u00eda Alberdi Castell, Pilar Almansa Mart\u00ednez i N\u00faria Cuxart Ainaud, a iniciativa de la Conferencia Nacional de Decanas y Decanos de Enfermer\u00eda (CNDE), i que es recull en el llibre: \u201c<em>Propuestas para la normalizaci\u00f3n de las palabras enfermer\u00eda, enfermera y enfermero<\/em>\u201d presentat recentment a Madrid. En aquest, explica l'organitzaci\u00f3, es recull la rigorosa tasca de recerca, an\u00e0lisi i s\u00edntesi que van realitzar aquest grup d'infermeres amb la finalitat de presentar les propostes de millora a la Reial Acad\u00e8mia Espanyola (RAE) perqu\u00e8 se li don\u00e9s a la professi\u00f3 infermera el lloc que li correspon dins del llenguatge.<\/p>\n<p>En concret, la 23.8 edici\u00f3 del Diccionari de la llengua espanyola (DLE) presentada a la fi de l'any passat, inclou els seg\u00fcents avan\u00e7os:<\/p>\n<ul>\n<li>Redefineix el vocable infermera-o com a \u201cPersona legalment autoritzada per a exercir la infermeria\u201d<\/li>\n<li>Recull els termes \u2018infermera\u2019 i \u2018infermer\u2019 com a adjectius, \u201cconsolidant el seu \u00fas en el llenguatge quotidi\u00e0 i professional\u201d<\/li>\n<li>Reordena les accepcions de \u2018infermeria\u2019, posant en primer lloc la definici\u00f3 com a disciplina i professi\u00f3, i deixant al final l'accepci\u00f3 que relega el terme simplement a un espai f\u00edsic.<\/li>\n<\/ul>\n<p>&nbsp;<\/p>\n<p>Aquests canvis han estat reivindicats durant anys amb la finalitat d'aconseguir que el llenguatge reflecteixi la import\u00e0ncia i realitat de la professi\u00f3 i disciplina infermera com una ci\u00e8ncia, que li atorga el valor i impacte que t\u00e9 en l'\u00e0mbit de la salut i en relaci\u00f3 amb la resta de les professions sanit\u00e0ries. A m\u00e9s d'aquests importants avan\u00e7os, les autores continuaran treballant, i demanen el suport de totes les infermeres i infermers per aconseguir-lo, en avan\u00e7ar cap a una \u00f2ptima definici\u00f3 de \u201cinfermer\/a\u201d com a \u201cdisciplina professional que t\u00e9 per objectiu cuidar de la persona que, en interacci\u00f3 cont\u00ednua amb el seu entorn, viu experi\u00e8ncies de salut\u201d.<\/p>\n<p><strong>Vols saber-ne m\u00e9s?<\/strong><\/p>\n<ul>\n<li>En el seg\u00fcent enlla\u00e7 pots veure el v\u00eddeo de la presentaci\u00f3 del llibre: <span style=\"color: #73c8d1;\"><a style=\"color: #73c8d1;\" href=\"https:\/\/www.youtube.com\/live\/nidf_yYG8Cs\" target=\"_blank\" rel=\"noopener\">https:\/\/www.youtube.com\/live\/nidf_yYG8Cs<\/a><\/span><\/li>\n<li>Pots descarregar-te el llibre aqu\u00ed: <span style=\"color: #73c8d1;\"><a style=\"color: #73c8d1;\" href=\"https:\/\/cnde.es\/noticias-eventos\/noticias\/550-enfermeria-y-el-diccionario-de-la-lengua-espanola-la-cnde-presenta-en-la-universidad-de-alcala-el-libro-que-cambio-su-definicion\" target=\"_blank\" rel=\"noopener\">https:\/\/cnde.es\/noticias-eventos\/noticias\/550-enfermeria-y-el-diccionario-de-la-lengua-espanola-la-cnde-presenta-en-la-universidad-de-alcala-el-libro-que-cambio-su-definicion<\/a><\/span><\/li>\n<\/ul>","protected":false},"excerpt":{"rendered":"<p>La \u00faltima revisi\u00f3n del Diccionario de la Lengua Espa\u00f1ola (DLE) reconoce los t\u00e9rminos \u2018enfermera\u2019 y \u2018enfermero\u2019 como adjetivos y reestructura&#8230;<\/p>","protected":false},"author":19,"featured_media":42885,"comment_status":"open","ping_status":"closed","sticky":false,"template":"","format":"standard","meta":{"footnotes":""},"categories":[376,315],"tags":[],"class_list":["post-42837","post","type-post","status-publish","format-standard","has-post-thumbnail","hentry","category-noticias-destacadas-2columna","category-noticias"],"_links":{"self":[{"href":"https:\/\/infermeriabalear.com\/ca\/wp-json\/wp\/v2\/posts\/42837","targetHints":{"allow":["GET"]}}],"collection":[{"href":"https:\/\/infermeriabalear.com\/ca\/wp-json\/wp\/v2\/posts"}],"about":[{"href":"https:\/\/infermeriabalear.com\/ca\/wp-json\/wp\/v2\/types\/post"}],"author":[{"embeddable":true,"href":"https:\/\/infermeriabalear.com\/ca\/wp-json\/wp\/v2\/users\/19"}],"replies":[{"embeddable":true,"href":"https:\/\/infermeriabalear.com\/ca\/wp-json\/wp\/v2\/comments?post=42837"}],"version-history":[{"count":8,"href":"https:\/\/infermeriabalear.com\/ca\/wp-json\/wp\/v2\/posts\/42837\/revisions"}],"predecessor-version":[{"id":42890,"href":"https:\/\/infermeriabalear.com\/ca\/wp-json\/wp\/v2\/posts\/42837\/revisions\/42890"}],"wp:featuredmedia":[{"embeddable":true,"href":"https:\/\/infermeriabalear.com\/ca\/wp-json\/wp\/v2\/media\/42885"}],"wp:attachment":[{"href":"https:\/\/infermeriabalear.com\/ca\/wp-json\/wp\/v2\/media?parent=42837"}],"wp:term":[{"taxonomy":"category","embeddable":true,"href":"https:\/\/infermeriabalear.com\/ca\/wp-json\/wp\/v2\/categories?post=42837"},{"taxonomy":"post_tag","embeddable":true,"href":"https:\/\/infermeriabalear.com\/ca\/wp-json\/wp\/v2\/tags?post=42837"}],"curies":[{"name":"wp","href":"https:\/\/api.w.org\/{rel}","templated":true}]}}