{"id":43889,"date":"2025-06-20T11:08:22","date_gmt":"2025-06-20T09:08:22","guid":{"rendered":"https:\/\/infermeriabalear.com\/?p=43889"},"modified":"2025-06-20T11:23:14","modified_gmt":"2025-06-20T09:23:14","slug":"bolsa-unica-ibsalut-publicada-lista-provisional-de-admitidos-y-excluidos-de-la-categoria-de-enfermera-urgencias-de-ap","status":"publish","type":"post","link":"https:\/\/infermeriabalear.com\/ca\/2025\/06\/20\/bolsa-unica-ibsalut-publicada-lista-provisional-de-admitidos-y-excluidos-de-la-categoria-de-enfermera-urgencias-de-ap\/","title":{"rendered":"Borsa \u00danica IBSALUT: Publicada llista PROVISIONAL d'admesos i exclosos de la categoria d'INFERMERA Urg\u00e8ncias d'AP"},"content":{"rendered":"<p>18\/06\/2025: Resoluci\u00f3 del director general del Servei de Salut de les Illes Balears per la qual s'aproven les llistes provisionals d'admesos i d'exclosos de l'actualitzaci\u00f3 de la borsa \u00fanica per a la selecci\u00f3 de personal estatutari temporal del Servei de Salut de la categoria <strong>d'Infermera d'Urg\u00e8ncies d'Atenci\u00f3 Prim\u00e0ria<\/strong>\u00a0(Data darrer tall: <span style=\"color: #000000;\"><em>13 de juny de 2025)<\/em><\/span><\/p>\n<blockquote><p>-Consultar <span style=\"color: #76c8d1;\"><strong><a style=\"color: #76c8d1;\" href=\"https:\/\/infermeriabalear.com\/wp-content\/uploads\/2025\/06\/Resolucio-llista-provisionalinf-urg.pdf\" target=\"_blank\" rel=\"noopener\">Resoluci\u00f3 i Llista<\/a><\/strong><\/span><\/p><\/blockquote>\n<p>&nbsp;<\/p>\n<p>Termini de presentaci\u00f3 d'al\u00b7legacions: <strong>del 19 de juny al 2 de juliol de 2025\u00a0<\/strong><\/p>\n<blockquote><p>-Model presentaci\u00f3 d'al\u00b7legacions: <strong><span style=\"color: #76c8d1;\"><a style=\"color: #76c8d1;\" href=\"https:\/\/infermeriabalear.com\/wp-content\/uploads\/2025\/06\/2.-Mod.-sol.-alegaciones-1.pdf\" target=\"_blank\" rel=\"noopener\">descarregar<\/a><\/span><\/strong><\/p><\/blockquote>\n<p>&nbsp;<\/p>\n<p>M\u00e9s informaci\u00f3: <a href=\"https:\/\/www.ibsalut.es\/professionals\/recursos-humans\/treballa-amb-nosaltres\/borsa-unica\/borsa?conv_id=213\" target=\"_blank\" rel=\"noopener\"><span style=\"color: #76c8d1;\">IBSALUT-Borsa INFERMERA URG-AP<\/span><\/a><\/p>","protected":false},"excerpt":{"rendered":"<p>18\/06\/2025: Resoluci\u00f3n del director general del Servicio de Salud de las Islas Baleares por la cual se aprueban las listas&#8230;<\/p>","protected":false},"author":14,"featured_media":36922,"comment_status":"open","ping_status":"closed","sticky":false,"template":"","format":"standard","meta":{"footnotes":""},"categories":[313],"tags":[635,623,895],"class_list":["post-43889","post","type-post","status-publish","format-standard","has-post-thumbnail","hentry","category-concurso_opos","tag-admitidos","tag-bolsa-unica","tag-enfermera-de-urgencias"],"_links":{"self":[{"href":"https:\/\/infermeriabalear.com\/ca\/wp-json\/wp\/v2\/posts\/43889","targetHints":{"allow":["GET"]}}],"collection":[{"href":"https:\/\/infermeriabalear.com\/ca\/wp-json\/wp\/v2\/posts"}],"about":[{"href":"https:\/\/infermeriabalear.com\/ca\/wp-json\/wp\/v2\/types\/post"}],"author":[{"embeddable":true,"href":"https:\/\/infermeriabalear.com\/ca\/wp-json\/wp\/v2\/users\/14"}],"replies":[{"embeddable":true,"href":"https:\/\/infermeriabalear.com\/ca\/wp-json\/wp\/v2\/comments?post=43889"}],"version-history":[{"count":5,"href":"https:\/\/infermeriabalear.com\/ca\/wp-json\/wp\/v2\/posts\/43889\/revisions"}],"predecessor-version":[{"id":43896,"href":"https:\/\/infermeriabalear.com\/ca\/wp-json\/wp\/v2\/posts\/43889\/revisions\/43896"}],"wp:featuredmedia":[{"embeddable":true,"href":"https:\/\/infermeriabalear.com\/ca\/wp-json\/wp\/v2\/media\/36922"}],"wp:attachment":[{"href":"https:\/\/infermeriabalear.com\/ca\/wp-json\/wp\/v2\/media?parent=43889"}],"wp:term":[{"taxonomy":"category","embeddable":true,"href":"https:\/\/infermeriabalear.com\/ca\/wp-json\/wp\/v2\/categories?post=43889"},{"taxonomy":"post_tag","embeddable":true,"href":"https:\/\/infermeriabalear.com\/ca\/wp-json\/wp\/v2\/tags?post=43889"}],"curies":[{"name":"wp","href":"https:\/\/api.w.org\/{rel}","templated":true}]}}