{"id":45991,"date":"2025-12-18T12:23:59","date_gmt":"2025-12-18T11:23:59","guid":{"rendered":"https:\/\/infermeriabalear.com\/?p=45991"},"modified":"2025-12-18T12:23:59","modified_gmt":"2025-12-18T11:23:59","slug":"asamblea-general-del-cge-2025-temas-tratados-y-votaciones-del-coiba","status":"publish","type":"post","link":"https:\/\/infermeriabalear.com\/ca\/2025\/12\/18\/asamblea-general-del-cge-2025-temas-tratados-y-votaciones-del-coiba\/","title":{"rendered":"Assemblea General del CGE 2025: temes tractats i votacions del COIBA"},"content":{"rendered":"<p><img loading=\"lazy\" decoding=\"async\" class=\"wp-image-46003 aligncenter\" src=\"https:\/\/infermeriabalear.com\/wp-content\/uploads\/2025\/12\/Planilla-general_web-IG-2.png\" alt=\"\" width=\"661\" height=\"372\" srcset=\"https:\/\/infermeriabalear.com\/wp-content\/uploads\/2025\/12\/Planilla-general_web-IG-2.png 1100w, https:\/\/infermeriabalear.com\/wp-content\/uploads\/2025\/12\/Planilla-general_web-IG-2-300x169.png 300w, https:\/\/infermeriabalear.com\/wp-content\/uploads\/2025\/12\/Planilla-general_web-IG-2-400x225.png 400w, https:\/\/infermeriabalear.com\/wp-content\/uploads\/2025\/12\/Planilla-general_web-IG-2-768x432.png 768w, https:\/\/infermeriabalear.com\/wp-content\/uploads\/2025\/12\/Planilla-general_web-IG-2-18x10.png 18w\" sizes=\"auto, (max-width: 661px) 100vw, 661px\" \/><\/p>\n<p>Aquest dimarts 16 de desembre de 2024 s'han reunit tots els presidents i presidentes dels col\u00b7legis provincials i auton\u00f2mics en l'Assemblea General Ordin\u00e0ria del Consejo General de Enfermer\u00eda (CGE). La presidenta del COIBA, Maria Jos\u00e9 Sastre, ha viatjat fins a Madrid per assistir a la trobada en representaci\u00f3 de les infermeres de Balears i els seus interessos, aix\u00ed com per a reclamar una major transpar\u00e8ncia en les accions i comptes del Consejo.<\/p>\n<p>D\u2019acord amb el nostre comprom\u00eds amb la transpar\u00e8ncia, es detallen a continuaci\u00f3 els temes tractats en aquesta reuni\u00f3, els vots de la presidenta en cada punt de l'ordre del dia i la justificaci\u00f3 d'aquests:<\/p>\n<p><strong>- Lectura i aprovaci\u00f3 de l\u2019acta de la sessi\u00f3 anterior.<\/strong><\/p>\n<p>A FAVOR. L'acta recull correctament les votacions de COIBA, aix\u00ed com la intervenci\u00f3 de la presidenta.<\/p>\n<p><strong>\u2013 Informe del president: <\/strong>el president del CGE, Florentino P\u00e9rez, va realitzar un rep\u00e0s de les accions desenvolupades durant l'\u00faltim any i de les inversions en recerca, formaci\u00f3 i solidaritat. Entre altres q\u00fcestions, tamb\u00e9 es va destacar l'actualitzaci\u00f3 del codi deontol\u00f2gic i l'activitat institucional, formativa i de visibilitat desenvolupada. Aix\u00ed mateix, va donar compte de l'estat de diversos procediments judicials i va detallar les actuacions dutes a terme per a la defensa de compet\u00e8ncies professionals, com la prescripci\u00f3 i altres \u00e0mbits de pr\u00e0ctica.<\/p>\n<p><strong>&#8211; <\/strong><strong>Projecte de Resoluci\u00f3 per el qual s'aprova el nou Codi \u00c8tic i Deontol\u00f2gic de la Infermera Espanyola.<\/strong> La presidenta de la Comissi\u00f3 Deontol\u00f2gica Nacional d'Infermeria del CGE, la Dra. Tayra Velasco Sanz, va detallar el proc\u00e9s.<\/p>\n<p>A FAVOR. L'elaboraci\u00f3 del nou codi deontol\u00f2gic era una necessitat urgent. L'actualitzaci\u00f3 ha estat un proc\u00e9s participatiu que es va iniciar amb la revisi\u00f3 de codis nacionals i internacionals i que ha comptat amb les aportacions de les juntes dels col\u00b7legis, les comissions deontol\u00f2giques de tots els col\u00b7legis provincials i de la ciutadania.<\/p>\n<p><strong>&#8211; <\/strong><strong>Projecte de Resoluci\u00f3 per la qual s'estableixen criteris d'actuaci\u00f3 en l'\u00e0mbit de la col\u00b7legiaci\u00f3 \u00fanica dels infermers i infermeres, d'acord amb la normativa aplicable.<\/strong><\/p>\n<p><strong><img loading=\"lazy\" decoding=\"async\" class=\"wp-image-46004 alignright\" src=\"https:\/\/infermeriabalear.com\/wp-content\/uploads\/2025\/12\/WhatsApp-Image-2025-12-18-at-09.52.50.jpeg\" alt=\"\" width=\"444\" height=\"330\" srcset=\"https:\/\/infermeriabalear.com\/wp-content\/uploads\/2025\/12\/WhatsApp-Image-2025-12-18-at-09.52.50.jpeg 1844w, https:\/\/infermeriabalear.com\/wp-content\/uploads\/2025\/12\/WhatsApp-Image-2025-12-18-at-09.52.50-300x223.jpeg 300w, https:\/\/infermeriabalear.com\/wp-content\/uploads\/2025\/12\/WhatsApp-Image-2025-12-18-at-09.52.50-400x297.jpeg 400w, https:\/\/infermeriabalear.com\/wp-content\/uploads\/2025\/12\/WhatsApp-Image-2025-12-18-at-09.52.50-768x571.jpeg 768w, https:\/\/infermeriabalear.com\/wp-content\/uploads\/2025\/12\/WhatsApp-Image-2025-12-18-at-09.52.50-1536x1142.jpeg 1536w, https:\/\/infermeriabalear.com\/wp-content\/uploads\/2025\/12\/WhatsApp-Image-2025-12-18-at-09.52.50-16x12.jpeg 16w\" sizes=\"auto, (max-width: 444px) 100vw, 444px\" \/><\/strong><\/p>\n<p>EN CONTRA. El document no incorpora les millores necess\u00e0ries per adequar-se a la realitat actual. A m\u00e9s, considerem que tots els documents de rellev\u00e0ncia que hagin de sotmetre's a aprovaci\u00f3 en Assemblea haurien d'elaborar-se mitjan\u00e7ant un proc\u00e9s participatiu, que garanteixi la implicaci\u00f3 de tots els col\u00b7legis i permeti la presentaci\u00f3 d'aportacions o esmenes, assegurant aix\u00ed una representaci\u00f3 efectiva.<\/p>\n<p><strong>-   Presentaci\u00f3 de la liquidaci\u00f3 de comptes i balan\u00e7 de la situaci\u00f3 del pressupost corresponent a l\u2019exercici 2024.<\/strong><\/p>\n<p>EN CONTRA. No es facilita la informaci\u00f3 suficient per donar suport a aquest punt. La falta de detall i desglossament dels comptes no ens permet realitzar una valoraci\u00f3 adequada. \u00c9s necessari oferir un major detall de les partides i liquidacions de societats i fundacions, aix\u00ed com incloure informaci\u00f3 sobre el dest\u00ed dels fons assignats a projectes que finalment no s'han dut a terme.<\/p>\n<p>L'any passat ja vam sol\u00b7licitar que s'incloguessin les mem\u00f2ries de totes les fundacions vinculades al CGE aix\u00ed com de l'activitat de ISFOS. Aquesta informaci\u00f3 segueix sense ser p\u00fablica.<\/p>\n<p><strong>-    Recomanaci\u00f3 per a la fixaci\u00f3 de la quota de l\u2019organitzaci\u00f3 col\u00b7legial<\/strong>(inclou la quota del CGE, la del col\u00b7legi i el pagament de l'asseguran\u00e7a de responsabilitat civil).<\/p>\n<p>EN CONTRA. En cas que es consideri necess\u00e0ria una recomanaci\u00f3 de quota, aquesta hauria d'elaborar-se de manera consensuada, explicant clarament els criteris i el c\u00e0lcul en el qual es basa. Des del COIBA considerem que cada col\u00b7legi hauria de fixar la seva quota en funci\u00f3 de la seva activitat i serveis. A m\u00e9s, la quantia que proposa el CGE per col\u00b7legiat i mes <strong>(<\/strong>19\u201952\u20ac) suposaria un increment de 3 euros\/mes per a les col\u00b7legiades de Balears (actualment \u00e9s de 16\u201940\u20ac al mes).<\/p>\n<p><strong>-    Fixaci\u00f3 equitativa de les aportacions dels col\u00b7legis provincials al CGE.<\/strong> La part de la quota de cada col\u00b7legiat que es destina al CGE des de fa anys est\u00e0 fixada en 4,52\u20ac<\/p>\n<p>EN CONTRA. Reclamamos que se realice un estudio para actualizar y \u00a0reducir esta cuota. Esta debe fijarse de acuerdo a las necesidades y actividades previstas, y por lo tanto debe ser flexible y revisable peri\u00f3dicamente.<\/p>\n<p><strong>- Regulaci\u00f3 del certificat d\u2019ingr\u00e9s en l\u2019Organitzaci\u00f3 Col\u00b7legial. <\/strong><\/p>\n<p>A FAVOR. Estem a favor que es mantingui el 100% de la bonificaci\u00f3 del certificat d'ingr\u00e9s en l'organitzaci\u00f3 col\u00b7legial nacional.<\/p>\n<p><strong>\u00a0&#8211; <\/strong><strong>Pressupost d'ingressos i despeses del <\/strong><strong>CGE<\/strong><strong>\u00a0<\/strong><strong>per a l'exercici de l'a<\/strong><strong>n<\/strong><strong>y 2026.<\/strong><\/p>\n<p><strong>\u00a0<\/strong>EN CONTRA. No hem donat suport a la previsi\u00f3 pressupost\u00e0ria proposada per al pr\u00f2xim exercici degut a la falta d'informaci\u00f3 i a l'insuficient desglossament de les partides d'ingressos i despeses, incloent tots els \u00f2rgans i activitats del CGE, tal com estableix l'article 46.1 dels seus Estatuts.<\/p>\n<p>Considerem imprescindible que el pressupost vagi acompanyat d'un pla estrat\u00e8gic que inclogui objectius, actuacions, indicadors i, a partir d'aix\u00f2, una estimaci\u00f3 de costos; nom\u00e9s la combinaci\u00f3 de tots dos permet una previsi\u00f3 coherent i viable. Aix\u00ed mateix, \u00e9s necessari un major detall en determinades partides, especialment quant a les retribucions de la Junta Directiva, aix\u00ed com major transpar\u00e8ncia sobre els comptes de les dues fundacions, la informaci\u00f3 de les quals no ha estat facilitada pel president.<\/p>\n<p>A m\u00e9s, les ajudes a la formaci\u00f3 continuen condicionades a ISFOS. Tal com s'ha assenyalat en exercicis anteriors, considerem imprescindible refor\u00e7ar la transpar\u00e8ncia i la rendici\u00f3 de comptes en totes les \u00e0rees.<\/p>\n<p><strong>Projectes de resolucions per les quals s'aproven documents marcs com a element de refer\u00e8ncia en l'ordenaci\u00f3 de l'exercici professional infermer:<\/strong><\/p>\n<p><strong>El CGE proposa crear tres marcs d'actuaci\u00f3 que serveixin com a elements de refer\u00e8ncia en l'ordenaci\u00f3 de l'exercici professional infermer en els \u00e0mbits de les cures avan\u00e7ades i gesti\u00f3 cl\u00ednica en acc\u00e9s vascular i ter\u00e0pies d'infusi\u00f3; cures avan\u00e7ades d'Otorrinolaringologia i Cirurgia de Cap i Coll; i cures avan\u00e7ades de persones amb al\u00b7l\u00e8rgia.<\/strong><\/p>\n<p>ABSTENCI\u00d3. En relaci\u00f3 amb les cures avan\u00e7ades, creiem que en determinats \u00e0mbits \u00e9s necessari avan\u00e7ar primer amb una normativa de car\u00e0cter nacional que reguli i reconegui la figura de la Infermera de Pr\u00e0ctica Avan\u00e7ada (EPA), aix\u00ed com aprovar un document que defineixi de manera clara els objectius i el desenvolupament d'aquesta pr\u00e0ctica.<\/p>\n<p>En lloc de centrar-se \u00fanicament en marcs generals, seria m\u00e9s \u00fatil desenvolupar guies espec\u00edfiques que orientin de manera concreta l'exercici de les actuacions infermeres en els diferents entorns de treball.<\/p>","protected":false},"excerpt":{"rendered":"<p>Este martes 16 de diciembre de 2024 se han reunido todos los presidentes de los colegios provinciales y auton\u00f3micos en&#8230;<\/p>","protected":false},"author":19,"featured_media":46003,"comment_status":"open","ping_status":"closed","sticky":false,"template":"","format":"standard","meta":{"footnotes":""},"categories":[315,370],"tags":[646,534,947,946,1110,1111,647,945],"class_list":["post-45991","post","type-post","status-publish","format-standard","has-post-thumbnail","hentry","category-noticias","category-noticias-destacadas","tag-asamblea-general","tag-cge","tag-gastos","tag-ingresos","tag-plan","tag-plan-estrategico","tag-presupuestos","tag-transparencia"],"_links":{"self":[{"href":"https:\/\/infermeriabalear.com\/ca\/wp-json\/wp\/v2\/posts\/45991","targetHints":{"allow":["GET"]}}],"collection":[{"href":"https:\/\/infermeriabalear.com\/ca\/wp-json\/wp\/v2\/posts"}],"about":[{"href":"https:\/\/infermeriabalear.com\/ca\/wp-json\/wp\/v2\/types\/post"}],"author":[{"embeddable":true,"href":"https:\/\/infermeriabalear.com\/ca\/wp-json\/wp\/v2\/users\/19"}],"replies":[{"embeddable":true,"href":"https:\/\/infermeriabalear.com\/ca\/wp-json\/wp\/v2\/comments?post=45991"}],"version-history":[{"count":1,"href":"https:\/\/infermeriabalear.com\/ca\/wp-json\/wp\/v2\/posts\/45991\/revisions"}],"predecessor-version":[{"id":46005,"href":"https:\/\/infermeriabalear.com\/ca\/wp-json\/wp\/v2\/posts\/45991\/revisions\/46005"}],"wp:featuredmedia":[{"embeddable":true,"href":"https:\/\/infermeriabalear.com\/ca\/wp-json\/wp\/v2\/media\/46003"}],"wp:attachment":[{"href":"https:\/\/infermeriabalear.com\/ca\/wp-json\/wp\/v2\/media?parent=45991"}],"wp:term":[{"taxonomy":"category","embeddable":true,"href":"https:\/\/infermeriabalear.com\/ca\/wp-json\/wp\/v2\/categories?post=45991"},{"taxonomy":"post_tag","embeddable":true,"href":"https:\/\/infermeriabalear.com\/ca\/wp-json\/wp\/v2\/tags?post=45991"}],"curies":[{"name":"wp","href":"https:\/\/api.w.org\/{rel}","templated":true}]}}