{"id":46900,"date":"2026-03-12T10:53:56","date_gmt":"2026-03-12T09:53:56","guid":{"rendered":"https:\/\/infermeriabalear.com\/?p=46900"},"modified":"2026-03-19T10:08:53","modified_gmt":"2026-03-19T09:08:53","slug":"sabias-que-si-sufres-una-agresion-mientras-trabajas-el-coiba-se-puede-hacer-cargo-de-la-denuncia","status":"publish","type":"post","link":"https:\/\/infermeriabalear.com\/ca\/2026\/03\/12\/sabias-que-si-sufres-una-agresion-mientras-trabajas-el-coiba-se-puede-hacer-cargo-de-la-denuncia\/","title":{"rendered":"Sabies que si sofreixes una agressi\u00f3 mentre treballes el COIBA es pot fer c\u00e0rrec de la den\u00fancia?"},"content":{"rendered":"<h4 style=\"text-align: center;\"><em>\u00a0El Protocol d'Agressions del COIBA est\u00e0 disponible per a totes les infermeres de Balears i inclou suport de l'Assessoria Jur\u00eddica i de l'Assessoria Psicoemocional<\/em><\/h4>\n<p>&nbsp;<\/p>\n<p>Coincidint amb el Dia europeu contra les agressions a professionals sanitaris (12 de mar\u00e7), el Col\u00b7legi Oficial d\u2019Infermeres i Infermeres dels Illes Balears (COIBA) ha refor\u00e7at i simplificat els mecanismes per facilitar el proc\u00e9s de den\u00fancia i oferir-vos el m\u00e0xim suport. Si una infermera \u00e9s v\u00edctima d'una agressi\u00f3 verbal o f\u00edsica, quan ho notifiqui, pot sol\u00b7licitar que el COIBA es faci c\u00e0rrec del proc\u00e9s de den\u00fancia, un dels passos m\u00e9s dif\u00edcils, per\u00f2 tamb\u00e9 dels m\u00e9s importants. Amb aquesta notificaci\u00f3 tamb\u00e9 s'activa immediatament el Protocol d'Agressions del COIBA, el qual inclou, a m\u00e9s del suport de l'Assessoria Jur\u00eddica, el suport de l'Assessoria Psicoemocional, perqu\u00e8 no podem deixar de costat l'impacte emocional que suposa sofrir una agressi\u00f3 mentre tenim cura de la salut de la poblaci\u00f3.<\/p>\n<p><strong>Com notificar-ho i sol\u00b7licitar el suport del Col\u00b7legi?<\/strong><\/p>\n<p>Les infermeres que treballau a <strong>centres p\u00fablics<\/strong>, gr\u00e0cies a un nou acord amb el Servei de Salut, quan notifiqueu l'agressi\u00f3 a trav\u00e9s del Programa NIRA, podreu triar si voleu que us representin els Serveis Jur\u00eddics del COIBA.<\/p>\n<p>D'altra banda, les col\u00b7legiades que treballeu en l' <strong>\u00e0mbit privat<\/strong>, trobareu a la nostra web el formulari (<span style=\"color: #73c8d1;\"><strong><a style=\"color: #73c8d1;\" href=\"https:\/\/infermeriabalear.com\/wp-content\/uploads\/2021\/09\/CAT-Protocol-agressions.pdf\" target=\"_blank\" rel=\"noopener\">AQU\u00cd<\/a><\/strong><\/span>) per activar el protocol de suport.<\/p>\n<p>En tots dos casos, quan la notificaci\u00f3 arribi al COIBA s'activar\u00e0 el Protocol d'Agressions, i ,amb aix\u00f2, el suport dels Serveis Jur\u00eddics del COIBA, i, si ho desitgeu, l'acc\u00e9s a l'Assessoria Psicoemocional.<\/p>\n<p><strong>La import\u00e0ncia de denunciar<\/strong><\/p>\n<p>En 2025 es van registrar 456 agressions a infermeres. La xifra continua augmentant i les infermeres continuem sent el col\u00b7lectiu m\u00e9s afectat. Aix\u00ed i tot, sabem que aquesta xifra \u00e9s nom\u00e9s la punta de l'iceberg, perqu\u00e8 en moltes ocasions no es den\u00fancia. Per aix\u00f2 el COIBA ha volgut refor\u00e7ar el seu suport en aquests moments complicats a les infermeres: per acompanyar durant la den\u00fancia, un pas important per millorar la prevenci\u00f3 i avan\u00e7ar cap a una toler\u00e0ncia zero enfront de la viol\u00e8ncia. Les dades ens indiquen que els agressors solen ser reincidents i que aquesta reincid\u00e8ncia baixa notablement si es produeix la den\u00fancia.<\/p>\n<p><iframe loading=\"lazy\" title=\"Si sofreixes una agressi\u00f3, el COIBA es fa c\u00e0rrec de la den\u00fancia\" width=\"563\" height=\"1000\" src=\"https:\/\/www.youtube.com\/embed\/r_ivfgmfJEc?feature=oembed\" frameborder=\"0\" allow=\"accelerometer; autoplay; clipboard-write; encrypted-media; gyroscope; picture-in-picture; web-share\" referrerpolicy=\"strict-origin-when-cross-origin\" allowfullscreen><\/iframe><\/p>\n<blockquote><p><strong>Les infermeres de Balears tenen a la seva disposici\u00f3 el protocol d'agressions del COIBA amb suport psicoemocional i jur\u00eddic: el podeu consultar<span style=\"color: #73c8d1;\"> <a style=\"color: #73c8d1;\" href=\"https:\/\/infermeriabalear.com\/wp-content\/uploads\/2021\/09\/CAT-Protocol-agressions.pdf\" target=\"_blank\" rel=\"noopener\">AQU\u00cd<\/a><\/span><\/strong><\/p><\/blockquote>","protected":false},"excerpt":{"rendered":"<p>\u00a0El Protocolo de agresiones del COIBA est\u00e1 disponible para todas las enfermeras de Baleares e incluye apoyo de la Asesor\u00eda&#8230;<\/p>","protected":false},"author":19,"featured_media":42508,"comment_status":"open","ping_status":"closed","sticky":false,"template":"","format":"standard","meta":{"footnotes":""},"categories":[376,315],"tags":[],"class_list":["post-46900","post","type-post","status-publish","format-standard","has-post-thumbnail","hentry","category-noticias-destacadas-2columna","category-noticias"],"_links":{"self":[{"href":"https:\/\/infermeriabalear.com\/ca\/wp-json\/wp\/v2\/posts\/46900","targetHints":{"allow":["GET"]}}],"collection":[{"href":"https:\/\/infermeriabalear.com\/ca\/wp-json\/wp\/v2\/posts"}],"about":[{"href":"https:\/\/infermeriabalear.com\/ca\/wp-json\/wp\/v2\/types\/post"}],"author":[{"embeddable":true,"href":"https:\/\/infermeriabalear.com\/ca\/wp-json\/wp\/v2\/users\/19"}],"replies":[{"embeddable":true,"href":"https:\/\/infermeriabalear.com\/ca\/wp-json\/wp\/v2\/comments?post=46900"}],"version-history":[{"count":11,"href":"https:\/\/infermeriabalear.com\/ca\/wp-json\/wp\/v2\/posts\/46900\/revisions"}],"predecessor-version":[{"id":46911,"href":"https:\/\/infermeriabalear.com\/ca\/wp-json\/wp\/v2\/posts\/46900\/revisions\/46911"}],"wp:featuredmedia":[{"embeddable":true,"href":"https:\/\/infermeriabalear.com\/ca\/wp-json\/wp\/v2\/media\/42508"}],"wp:attachment":[{"href":"https:\/\/infermeriabalear.com\/ca\/wp-json\/wp\/v2\/media?parent=46900"}],"wp:term":[{"taxonomy":"category","embeddable":true,"href":"https:\/\/infermeriabalear.com\/ca\/wp-json\/wp\/v2\/categories?post=46900"},{"taxonomy":"post_tag","embeddable":true,"href":"https:\/\/infermeriabalear.com\/ca\/wp-json\/wp\/v2\/tags?post=46900"}],"curies":[{"name":"wp","href":"https:\/\/api.w.org\/{rel}","templated":true}]}}