{"id":47107,"date":"2026-04-29T11:55:50","date_gmt":"2026-04-29T09:55:50","guid":{"rendered":"https:\/\/infermeriabalear.com\/?p=47107"},"modified":"2026-04-29T12:14:29","modified_gmt":"2026-04-29T10:14:29","slug":"informacion-horario-delegaciones-eivissa-formentera-y-menorca-desde-el-4-al-8-de-mayo","status":"publish","type":"post","link":"https:\/\/infermeriabalear.com\/ca\/2026\/04\/29\/informacion-horario-delegaciones-eivissa-formentera-y-menorca-desde-el-4-al-8-de-mayo\/","title":{"rendered":"Informaci\u00f3 horari delegacions Eivissa-Formentera i Menorca des del 4 al 8 de maig"},"content":{"rendered":"<p style=\"text-align: left;\">Les delegacions Eivissa-Formentera i Menorca des del 4 al 8 de maig, tots dos inclusivament, l'horari d'atenci\u00f3 col\u00b7legial ser\u00e0 el seg\u00fcent:<\/p>\n<p><strong>Eivissa-Formentera<\/strong>:<\/p>\n<p>Dilluns 4: de 14:00h a 18:00h<\/p>\n<p>Dimarts 5, Dimecres 6 i Dijous 7: de 9:30h a 13:30h<\/p>\n<p>Divendres 8: de 10:30 a 13:30h<\/p>\n<p><strong>Menorca<\/strong>:<\/p>\n<p>Dilluns: de 16:00h a 20:00h<\/p>\n<p>Des del Dimarts 5 al Divendres 8: de 09:00h a 13:00h.<\/p>\n<p>&nbsp;<\/p>\n<p>Vos recordam que a trav\u00e9s de la finestreta \u00fanica podeu realitzar tr\u00e0mits les 24 hores del dia, 7 dies a la setmana.<\/p>\n<p>Disculpau les mol\u00e8sties.<\/p>","protected":false},"excerpt":{"rendered":"<p>Las delegaciones Eivissa-Formentera y Menorca desde el 4 al 8 de mayo, ambos inclusive, el horario de atenci\u00f3n colegial ser\u00e1&#8230;<\/p>","protected":false},"author":23,"featured_media":29286,"comment_status":"open","ping_status":"closed","sticky":false,"template":"","format":"standard","meta":{"footnotes":""},"categories":[376,315],"tags":[326,385,577],"class_list":["post-47107","post","type-post","status-publish","format-standard","has-post-thumbnail","hentry","category-noticias-destacadas-2columna","category-noticias","tag-coiba","tag-horario","tag-menorca"],"_links":{"self":[{"href":"https:\/\/infermeriabalear.com\/ca\/wp-json\/wp\/v2\/posts\/47107","targetHints":{"allow":["GET"]}}],"collection":[{"href":"https:\/\/infermeriabalear.com\/ca\/wp-json\/wp\/v2\/posts"}],"about":[{"href":"https:\/\/infermeriabalear.com\/ca\/wp-json\/wp\/v2\/types\/post"}],"author":[{"embeddable":true,"href":"https:\/\/infermeriabalear.com\/ca\/wp-json\/wp\/v2\/users\/23"}],"replies":[{"embeddable":true,"href":"https:\/\/infermeriabalear.com\/ca\/wp-json\/wp\/v2\/comments?post=47107"}],"version-history":[{"count":5,"href":"https:\/\/infermeriabalear.com\/ca\/wp-json\/wp\/v2\/posts\/47107\/revisions"}],"predecessor-version":[{"id":47448,"href":"https:\/\/infermeriabalear.com\/ca\/wp-json\/wp\/v2\/posts\/47107\/revisions\/47448"}],"wp:featuredmedia":[{"embeddable":true,"href":"https:\/\/infermeriabalear.com\/ca\/wp-json\/wp\/v2\/media\/29286"}],"wp:attachment":[{"href":"https:\/\/infermeriabalear.com\/ca\/wp-json\/wp\/v2\/media?parent=47107"}],"wp:term":[{"taxonomy":"category","embeddable":true,"href":"https:\/\/infermeriabalear.com\/ca\/wp-json\/wp\/v2\/categories?post=47107"},{"taxonomy":"post_tag","embeddable":true,"href":"https:\/\/infermeriabalear.com\/ca\/wp-json\/wp\/v2\/tags?post=47107"}],"curies":[{"name":"wp","href":"https:\/\/api.w.org\/{rel}","templated":true}]}}