{"id":47409,"date":"2026-04-27T12:22:22","date_gmt":"2026-04-27T10:22:22","guid":{"rendered":"https:\/\/infermeriabalear.com\/?p=47409"},"modified":"2026-04-27T12:22:22","modified_gmt":"2026-04-27T10:22:22","slug":"i-jornada-programa-de-centros-sanitarios-promotores-de-la-salud-de-las-illes-balears-30-de-abril-de-2026","status":"publish","type":"post","link":"https:\/\/infermeriabalear.com\/ca\/2026\/04\/27\/i-jornada-programa-de-centros-sanitarios-promotores-de-la-salud-de-las-illes-balears-30-de-abril-de-2026\/","title":{"rendered":"I Jornada Programa de Centres Sanitaris Promotors de la Salut de les Illes Balears \u2013 30 d'abril de 2026"},"content":{"rendered":"<p>L'Hospital de Manacor organitza la I Jornada Programa de Centres Sanitaris Promotors de la Salut de les Illes Balears, que comptar\u00e0 amb varies taules i pon\u00e8ncies amb diferents professionals de l'Atenci\u00f3 Prim\u00e0ria.<\/p>\n<p>Data: <strong>30 d'abril de 2026<\/strong><\/p>\n<p>Lloc de celebraci\u00f3:<strong> Hospital de Manacor, <\/strong>de 09:30h a 14:30h<\/p>\n<p><img loading=\"lazy\" decoding=\"async\" class=\"alignnone size-medium wp-image-47412\" src=\"https:\/\/infermeriabalear.com\/wp-content\/uploads\/2026\/04\/CARTELL-2-215x300.jpg\" alt=\"\" width=\"215\" height=\"300\" srcset=\"https:\/\/infermeriabalear.com\/wp-content\/uploads\/2026\/04\/CARTELL-2-215x300.jpg 215w, https:\/\/infermeriabalear.com\/wp-content\/uploads\/2026\/04\/CARTELL-2-768x1071.jpg 768w, https:\/\/infermeriabalear.com\/wp-content\/uploads\/2026\/04\/CARTELL-2-1102x1536.jpg 1102w, https:\/\/infermeriabalear.com\/wp-content\/uploads\/2026\/04\/CARTELL-2-9x12.jpg 9w, https:\/\/infermeriabalear.com\/wp-content\/uploads\/2026\/04\/CARTELL-2.jpg 1216w\" sizes=\"auto, (max-width: 215px) 100vw, 215px\" \/><\/p>\n<p><b>-Inscripci\u00f3n gratuita, <\/b>a trav\u00e9s del Codi QR indicat al <span style=\"color: #76c8d1;\"><strong><a style=\"color: #76c8d1;\" href=\"https:\/\/infermeriabalear.com\/wp-content\/uploads\/2026\/04\/Programa-A3-amb-QR-250416-1.pdf\" target=\"_blank\" rel=\"noopener\">Programa<\/a><\/strong><\/span><\/p>\n<p>&nbsp;<\/p>","protected":false},"excerpt":{"rendered":"<p>El Hospital de Manacor organiza la I Jornada Programa de Centros Sanitarios Promotores de la Salud de las Illes Balears,&#8230;<\/p>","protected":false},"author":14,"featured_media":47414,"comment_status":"open","ping_status":"closed","sticky":false,"template":"","format":"standard","meta":{"footnotes":""},"categories":[364],"tags":[1326,1179,604],"class_list":["post-47409","post","type-post","status-publish","format-standard","has-post-thumbnail","hentry","category-eventos-otros","tag-centros-sanitarios","tag-hospital-manacor","tag-jornadas"],"_links":{"self":[{"href":"https:\/\/infermeriabalear.com\/ca\/wp-json\/wp\/v2\/posts\/47409","targetHints":{"allow":["GET"]}}],"collection":[{"href":"https:\/\/infermeriabalear.com\/ca\/wp-json\/wp\/v2\/posts"}],"about":[{"href":"https:\/\/infermeriabalear.com\/ca\/wp-json\/wp\/v2\/types\/post"}],"author":[{"embeddable":true,"href":"https:\/\/infermeriabalear.com\/ca\/wp-json\/wp\/v2\/users\/14"}],"replies":[{"embeddable":true,"href":"https:\/\/infermeriabalear.com\/ca\/wp-json\/wp\/v2\/comments?post=47409"}],"version-history":[{"count":3,"href":"https:\/\/infermeriabalear.com\/ca\/wp-json\/wp\/v2\/posts\/47409\/revisions"}],"predecessor-version":[{"id":47415,"href":"https:\/\/infermeriabalear.com\/ca\/wp-json\/wp\/v2\/posts\/47409\/revisions\/47415"}],"wp:featuredmedia":[{"embeddable":true,"href":"https:\/\/infermeriabalear.com\/ca\/wp-json\/wp\/v2\/media\/47414"}],"wp:attachment":[{"href":"https:\/\/infermeriabalear.com\/ca\/wp-json\/wp\/v2\/media?parent=47409"}],"wp:term":[{"taxonomy":"category","embeddable":true,"href":"https:\/\/infermeriabalear.com\/ca\/wp-json\/wp\/v2\/categories?post=47409"},{"taxonomy":"post_tag","embeddable":true,"href":"https:\/\/infermeriabalear.com\/ca\/wp-json\/wp\/v2\/tags?post=47409"}],"curies":[{"name":"wp","href":"https:\/\/api.w.org\/{rel}","templated":true}]}}