{"id":47430,"date":"2026-04-28T13:53:54","date_gmt":"2026-04-28T11:53:54","guid":{"rendered":"https:\/\/infermeriabalear.com\/?p=47430"},"modified":"2026-04-28T13:57:21","modified_gmt":"2026-04-28T11:57:21","slug":"posicionamiento-direccion-zonas-basicas-salud","status":"publish","type":"post","link":"https:\/\/infermeriabalear.com\/ca\/2026\/04\/28\/posicionamiento-direccion-zonas-basicas-salud\/","title":{"rendered":"Posicionament sobre la direcci\u00f3 de les zones b\u00e0siques de salut i els c\u00e0rrecs de gesti\u00f3 sanit\u00e0ria"},"content":{"rendered":"<h5 style=\"text-align: center;\"><em>COIBA i ABIC insten a avan\u00e7ar cap a un model en qu\u00e8 els c\u00e0rrecs directius s\u2019assignin en funci\u00f3 de m\u00e8rits, compet\u00e8ncies i formaci\u00f3 en gesti\u00f3, per damunt de la titulaci\u00f3 d\u2019origen<\/em><\/h5>\n<p>&nbsp;<\/p>\n<p>Amb motiu de la sent\u00e8ncia del Tribunal Superior de Just\u00edcia de les Illes Balears que anul\u00b7la una resoluci\u00f3 del director gerent d\u2019Atenci\u00f3 Prim\u00e0ria de Mallorca per la qual es convocava la provisi\u00f3 d\u2019una pla\u00e7a de director\/a de Zona B\u00e0sica de Salut, en la qual es designava una infermera per a aquest lloc, el Col\u00b7legi Oficial d\u2019Infermeres i Infermers de les Illes Balears (COIBA) i l\u2019Associaci\u00f3 Balear d\u2019Infermeria Comunit\u00e0ria (ABIC), volem traslladar el nostre posicionament de forma clara, responsable i constructiva.<\/p>\n<p>En primer lloc, ambdues institucions volem subratllar que el nostre objectiu no \u00e9s, en cap cas, generar confrontaci\u00f3 entre professionals sanitaris. Ben al contrari, defensam un model basat en la col\u00b7laboraci\u00f3, el respecte mutu i el treball conjunt, pilars essencials per garantir una atenci\u00f3 sanit\u00e0ria de qualitat a la ciutadania.<\/p>\n<p>Dit aix\u00f2, consideram necessari posar de manifest que l\u2019organitzaci\u00f3 i direcci\u00f3 dels equips d\u2019Atenci\u00f3 Prim\u00e0ria constitueixen funcions de car\u00e0cter fonamentalment gestor i organitzatiu, orientades a la coordinaci\u00f3 de recursos humans, materials i assistencials, i no exclusivament a la pr\u00e0ctica cl\u00ednica m\u00e8dica. Per aix\u00f2, aquestes funcions han d\u2019estar vinculades a les compet\u00e8ncies espec\u00edfiques en gesti\u00f3 sanit\u00e0ria, lideratge, planificaci\u00f3, presa de decisions i treball en equip, amb independ\u00e8ncia de la titulaci\u00f3 professional.<\/p>\n<p>En aquest sentit, la realitat actual del sistema sanitari evidencia un model assistencial multidisciplinari, en el qual els diferents professionals sanitaris, i en particular les infermeres, han refor\u00e7at el seu lideratge en els \u00e0mbits cl\u00ednic i organitzatiu.<\/p>\n<p>De fet, a la nostra comunitat aut\u00f2noma tenim infermeres que exerceixen funcions de direcci\u00f3 de zona b\u00e0sica de salut, aix\u00ed com en llocs de ger\u00e8ncia i subdireccions assistencials, i que desenvolupen les seves funcions amb plena normalitat, efic\u00e0cia i reconeixement institucional. Aquesta experi\u00e8ncia pr\u00e0ctica demostra que la capacitat per liderar equips no dep\u00e8n de la titulaci\u00f3 d\u2019origen, sin\u00f3 de la formaci\u00f3, l\u2019experi\u00e8ncia i les compet\u00e8ncies en gesti\u00f3.<\/p>\n<p>D\u2019altra banda, resulta especialment rellevant assenyalar que moltes de les interpretacions restrictives, com les que recull l\u2019esmentada sent\u00e8ncia, es fonamenten en la Llei d\u2019Ordenaci\u00f3 de les Professions Sanit\u00e0ries (LOPS), aprovada l\u2019any 2003. Es tracta d\u2019una normativa que respon a un context sanitari molt diferent de l\u2019actual i la reforma de la qual fa anys que es planteja per adaptar-la a l\u2019evoluci\u00f3 de les professions sanit\u00e0ries i als nous models assistencials. Basar decisions organitzatives actuals en una normativa amb m\u00e9s de dues d\u00e8cades d\u2019antiguitat, no plenament adaptada a la realitat present, pot conduir a conclusions que no reflecteixen adequadament el funcionament real del sistema sanitari ni les seves necessitats futures. Per aix\u00f2, \u00e9s urgent adequar la normativa, actualment obsoleta, a la realitat actual per evitar que torni a succeir.<\/p>\n<p>M\u00e9s enll\u00e0 del debat competencial, consideram fonamental situar el focus en all\u00f2 veritablement rellevant: la qualitat de l\u2019atenci\u00f3 a les persones i l\u2019efici\u00e8ncia del sistema sanitari. Els models de lideratge han d\u2019orientar-se a optimitzar l\u2019organitzaci\u00f3 dels recursos i la m\u00e0xima coordinaci\u00f3 entre professionals, ja que aix\u00f2 repercuteix directament en millors resultats en salut, major accessibilitat i continu\u00eftat assistencial. Limitar l\u2019acc\u00e9s a aquests llocs a una \u00fanica categoria professional suposa una interpretaci\u00f3 restrictiva que no s\u2019ajusta a l\u2019evoluci\u00f3 del sistema sanitari ni a les necessitats actuals d\u2019organitzaci\u00f3 i efici\u00e8ncia. Aix\u00ed mateix, aquest tipus de limitacions pot suposar un retroc\u00e9s en el desenvolupament professional, en l\u2019optimitzaci\u00f3 de recursos i en la necess\u00e0ria transformaci\u00f3 dels models de lideratge en sanitat, que han d\u2019orientar-se cap a estructures m\u00e9s flexibles, col\u00b7laboratives i basades en compet\u00e8ncies.<\/p>\n<p>Amb aix\u00f2, COIBA i ABIC  reclamam:<\/p>\n<p style=\"padding-left: 40px;\">- El reconeixement efectiu de la capacitat de les infermeres per accedir a llocs de direcci\u00f3 i gesti\u00f3.<\/p>\n<p style=\"padding-left: 40px;\">- La necessitat d\u2019avan\u00e7ar cap a un model en qu\u00e8 el lloc de Director\/a de ZBS s\u2019assigni en funci\u00f3 de m\u00e8rits, compet\u00e8ncies i formaci\u00f3 en gesti\u00f3, i no exclusivament per titulaci\u00f3. L\u2019actualitzaci\u00f3 de la normativa vigent per adaptar-la a la realitat actual del sistema sanitari.<\/p>\n<p style=\"padding-left: 40px;\">- El respecte a la realitat organitzativa existent, que ha demostrat resultats positius en termes de funcionament i qualitat assistencial.<\/p>\n<p>Finalment, COIBA i ABIC reiterem el nostre comprom\u00eds de continuar treballant amb responsabilitat, vocaci\u00f3 de servei i voluntat de di\u00e0leg, col\u00b7laborant amb tots els agents implicats per defensar el desenvolupament de la professi\u00f3 infermera i avan\u00e7ar cap a un sistema sanitari m\u00e9s eficient, equitatiu i centrat en les persones, basat en models de lideratge oberts, competencials i adaptats als reptes presents i futurs.<\/p>","protected":false},"excerpt":{"rendered":"<p>COIBA y ABIC instan a avanzar hacia un modelo en el que los cargos directivos se asignen en funci\u00f3n de&#8230;<\/p>","protected":false},"author":19,"featured_media":47432,"comment_status":"open","ping_status":"closed","sticky":false,"template":"","format":"standard","meta":{"footnotes":""},"categories":[315,370],"tags":[789,646],"class_list":["post-47430","post","type-post","status-publish","format-standard","has-post-thumbnail","hentry","category-noticias","category-noticias-destacadas","tag-asamblea","tag-asamblea-general"],"_links":{"self":[{"href":"https:\/\/infermeriabalear.com\/ca\/wp-json\/wp\/v2\/posts\/47430","targetHints":{"allow":["GET"]}}],"collection":[{"href":"https:\/\/infermeriabalear.com\/ca\/wp-json\/wp\/v2\/posts"}],"about":[{"href":"https:\/\/infermeriabalear.com\/ca\/wp-json\/wp\/v2\/types\/post"}],"author":[{"embeddable":true,"href":"https:\/\/infermeriabalear.com\/ca\/wp-json\/wp\/v2\/users\/19"}],"replies":[{"embeddable":true,"href":"https:\/\/infermeriabalear.com\/ca\/wp-json\/wp\/v2\/comments?post=47430"}],"version-history":[{"count":4,"href":"https:\/\/infermeriabalear.com\/ca\/wp-json\/wp\/v2\/posts\/47430\/revisions"}],"predecessor-version":[{"id":47436,"href":"https:\/\/infermeriabalear.com\/ca\/wp-json\/wp\/v2\/posts\/47430\/revisions\/47436"}],"wp:featuredmedia":[{"embeddable":true,"href":"https:\/\/infermeriabalear.com\/ca\/wp-json\/wp\/v2\/media\/47432"}],"wp:attachment":[{"href":"https:\/\/infermeriabalear.com\/ca\/wp-json\/wp\/v2\/media?parent=47430"}],"wp:term":[{"taxonomy":"category","embeddable":true,"href":"https:\/\/infermeriabalear.com\/ca\/wp-json\/wp\/v2\/categories?post=47430"},{"taxonomy":"post_tag","embeddable":true,"href":"https:\/\/infermeriabalear.com\/ca\/wp-json\/wp\/v2\/tags?post=47430"}],"curies":[{"name":"wp","href":"https:\/\/api.w.org\/{rel}","templated":true}]}}