{"id":47450,"date":"2026-04-29T16:46:13","date_gmt":"2026-04-29T14:46:13","guid":{"rendered":"https:\/\/infermeriabalear.com\/?p=47450"},"modified":"2026-04-29T18:10:53","modified_gmt":"2026-04-29T16:10:53","slug":"abic-coiba-reunion-liderazgo-enfermero","status":"publish","type":"post","link":"https:\/\/infermeriabalear.com\/ca\/2026\/04\/29\/abic-coiba-reunion-liderazgo-enfermero\/","title":{"rendered":"ABIC i COIBA organitzen una reuni\u00f3 informativa sobre lideratge infermer: 4 de maig \u2013 16:30h"},"content":{"rendered":"<p><img loading=\"lazy\" decoding=\"async\" class=\"wp-image-47452 alignright\" src=\"https:\/\/infermeriabalear.com\/wp-content\/uploads\/2026\/04\/Reunio-ABIC-COIBA_ZBS-1.png\" alt=\"\" width=\"309\" height=\"386\" srcset=\"https:\/\/infermeriabalear.com\/wp-content\/uploads\/2026\/04\/Reunio-ABIC-COIBA_ZBS-1.png 1080w, https:\/\/infermeriabalear.com\/wp-content\/uploads\/2026\/04\/Reunio-ABIC-COIBA_ZBS-1-240x300.png 240w, https:\/\/infermeriabalear.com\/wp-content\/uploads\/2026\/04\/Reunio-ABIC-COIBA_ZBS-1-768x960.png 768w, https:\/\/infermeriabalear.com\/wp-content\/uploads\/2026\/04\/Reunio-ABIC-COIBA_ZBS-1-10x12.png 10w\" sizes=\"auto, (max-width: 309px) 100vw, 309px\" \/>L'Associaci\u00f3 Balear d\u2019Infermeria Comunit\u00e0ria (ABIC) i el Col\u00b7legi Oficial d\u2019Infermeres i Infermers de les Illes Balears (COIBA)  organitzam una reuni\u00f3 informativa oberta a totes les infermeres i infermers per tractar la situaci\u00f3 derivada d\u2019una sent\u00e8ncia que posa en risc el lideratge infermer amb l\u2019obligaci\u00f3 de cessar una directora de ZBS pel fet de ser infermera.<\/p>\n<p>Volem oferir un espai de trobada per aclarir dubtes, escoltar i compartir reflexions, aix\u00ed com per posar la mirada cap a accions presents i futures encaminades a continuar refor\u00e7ant el lideratge de la professi\u00f3. La reuni\u00f3 es podr\u00e0 seguir de manera presencial a les tres seus del COIBA (Palma, Menorca i Piti\u00fcses) i de manera online (inscripci\u00f3 pr\u00e8via).<\/p>\n<p><strong>M\u00e9s detalls:<\/strong><\/p>\n<p style=\"padding-left: 40px;\">-Data i hora: <strong>4 de maig \u2013 16:30<br \/>\n<\/strong>-Lloc: <strong>presencial a les tres seus del COIBA (<span style=\"color: #73c8d1;\"><a style=\"color: #73c8d1;\" href=\"https:\/\/infermeriabalear.com\/ca\/sedes\/\" target=\"_blank\" rel=\"noopener\">Palma, Menorca i Eivissa<\/a><\/span>)<br \/>\n<\/strong>&#8211;<strong>Online: <\/strong><strong>imprescindible inscripci\u00f3 pr\u00e8via a trav\u00e9s del seg\u00fcent <span style=\"color: #73c8d1;\"><a style=\"color: #73c8d1;\" href=\"https:\/\/forms.cloud.microsoft\/Pages\/DesignPageV2.aspx?subpage=design&amp;FormId=9QCjazaqG0SQZTFX3-h-YIRbw-fbn5tIjQRpY5-NM41UQ0VLOENaS1ZEVkEwS0gwR0VYN1VIVUdJVC4u&amp;Token=03b4555ea7374b79b9bffd8655a3a527\" target=\"_blank\" rel=\"noopener\">FORMULARI <\/a><\/span><\/strong>per poder enviar-vos l'enlla\u00e7 de la reuni\u00f3<\/p>\n<p style=\"padding-left: 40px;\">","protected":false},"excerpt":{"rendered":"<p>La Associaci\u00f3 Balear d\u2019Infermeria Comunit\u00e0ria (ABIC) y el Col\u00b7legi Oficial d\u2019Infermeres i Infermers de les Illes Balears (COIBA) organizamos una&#8230;<\/p>","protected":false},"author":19,"featured_media":47451,"comment_status":"open","ping_status":"closed","sticky":false,"template":"","format":"standard","meta":{"footnotes":""},"categories":[314,315,370],"tags":[326,1254,1248,1255],"class_list":["post-47450","post","type-post","status-publish","format-standard","has-post-thumbnail","hentry","category-eventos-coiba","category-noticias","category-noticias-destacadas","tag-coiba","tag-escritoras","tag-infermeres","tag-literatura"],"_links":{"self":[{"href":"https:\/\/infermeriabalear.com\/ca\/wp-json\/wp\/v2\/posts\/47450","targetHints":{"allow":["GET"]}}],"collection":[{"href":"https:\/\/infermeriabalear.com\/ca\/wp-json\/wp\/v2\/posts"}],"about":[{"href":"https:\/\/infermeriabalear.com\/ca\/wp-json\/wp\/v2\/types\/post"}],"author":[{"embeddable":true,"href":"https:\/\/infermeriabalear.com\/ca\/wp-json\/wp\/v2\/users\/19"}],"replies":[{"embeddable":true,"href":"https:\/\/infermeriabalear.com\/ca\/wp-json\/wp\/v2\/comments?post=47450"}],"version-history":[{"count":9,"href":"https:\/\/infermeriabalear.com\/ca\/wp-json\/wp\/v2\/posts\/47450\/revisions"}],"predecessor-version":[{"id":47461,"href":"https:\/\/infermeriabalear.com\/ca\/wp-json\/wp\/v2\/posts\/47450\/revisions\/47461"}],"wp:featuredmedia":[{"embeddable":true,"href":"https:\/\/infermeriabalear.com\/ca\/wp-json\/wp\/v2\/media\/47451"}],"wp:attachment":[{"href":"https:\/\/infermeriabalear.com\/ca\/wp-json\/wp\/v2\/media?parent=47450"}],"wp:term":[{"taxonomy":"category","embeddable":true,"href":"https:\/\/infermeriabalear.com\/ca\/wp-json\/wp\/v2\/categories?post=47450"},{"taxonomy":"post_tag","embeddable":true,"href":"https:\/\/infermeriabalear.com\/ca\/wp-json\/wp\/v2\/tags?post=47450"}],"curies":[{"name":"wp","href":"https:\/\/api.w.org\/{rel}","templated":true}]}}