{"id":47489,"date":"2026-04-30T14:29:38","date_gmt":"2026-04-30T12:29:38","guid":{"rendered":"https:\/\/infermeriabalear.com\/?p=47489"},"modified":"2026-04-30T16:11:40","modified_gmt":"2026-04-30T14:11:40","slug":"convocatoria-comision-salud-genero","status":"publish","type":"post","link":"https:\/\/infermeriabalear.com\/ca\/2026\/04\/30\/convocatoria-comision-salud-genero\/","title":{"rendered":"El COIBA obre convocat\u00f2ria per a la creaci\u00f3 d'una Comissi\u00f3 de Salut i G\u00e8nere"},"content":{"rendered":"<p><img loading=\"lazy\" decoding=\"async\" class=\"wp-image-47503 aligncenter\" src=\"https:\/\/infermeriabalear.com\/wp-content\/uploads\/2026\/04\/salut-i-genere-1.png\" alt=\"\" width=\"794\" height=\"447\" srcset=\"https:\/\/infermeriabalear.com\/wp-content\/uploads\/2026\/04\/salut-i-genere-1.png 1600w, https:\/\/infermeriabalear.com\/wp-content\/uploads\/2026\/04\/salut-i-genere-1-300x169.png 300w, https:\/\/infermeriabalear.com\/wp-content\/uploads\/2026\/04\/salut-i-genere-1-400x225.png 400w, https:\/\/infermeriabalear.com\/wp-content\/uploads\/2026\/04\/salut-i-genere-1-768x432.png 768w, https:\/\/infermeriabalear.com\/wp-content\/uploads\/2026\/04\/salut-i-genere-1-1536x864.png 1536w, https:\/\/infermeriabalear.com\/wp-content\/uploads\/2026\/04\/salut-i-genere-1-18x10.png 18w\" sizes=\"auto, (max-width: 794px) 100vw, 794px\" \/><\/p>\n<p>El Col\u00b7legi Oficial d\u2019Infermeres i Infermers dels Illes Balears (COIBA) vol impulsar la creaci\u00f3 d'una Comissi\u00f3 de Salut i G\u00e8nere. Amb aquest objectiu, s'obre una convocat\u00f2ria perqu\u00e8 les infermeres que vulguin formar part d'ella puguin enviar les seves sol\u00b7licituds del 30 d'abril al 24 de maig.<\/p>\n<p>L'objectiu d'aquest nou grup de treball \u00e9s promoure la incorporaci\u00f3 transversal de la perspectiva de g\u00e8nere en l'\u00e0mbit de la salut des d'un enfocament feminista, de drets humans i d'equitat, contribuint al desenvolupament d'una pr\u00e0ctica infermera segura, justa, basada en l'evid\u00e8ncia i compromesa amb la salut de la poblaci\u00f3 i, especialment, de les dones i altres col\u00b7lectius vulnerables.<\/p>\n<p>Aquesta comissi\u00f3 vehicular\u00e0 i refor\u00e7ar\u00e0 les accions el Col\u00b7legi encaminades a afavorir una pr\u00e0ctica infermera que integri un enfocament feminista i interseccional, promovent la formaci\u00f3, la recerca i la sensibilitzaci\u00f3 com a eixos fonamentals per avan\u00e7ar cap a uns serveis sanitaris m\u00e9s justos, accessibles i adaptats a les necessitats reals de la ciutadania.<\/p>\n<p><strong>Com presentar la sol\u00b7licitud per a unir-se a la comissi\u00f3?<\/strong><\/p>\n<blockquote><p>Consulta les bases per con\u00e8ixer els requisits: <strong><span style=\"color: #73c8d1;\"><a style=\"color: #73c8d1;\" href=\"https:\/\/infermeriabalear.com\/wp-content\/uploads\/2026\/04\/Convocatoria-Salut-i-Genere-CAT.pdf\" target=\"_blank\" rel=\"noopener\">BASES<\/a><\/span><\/strong><\/p>\n<p>Emplena aquest formulari en l\u00ednia i adjunta els documents que sol\u00b7licita (curr\u00edculum i carta de motivaci\u00f3): <strong><span style=\"color: #73c8d1;\"><a style=\"color: #73c8d1;\" href=\"https:\/\/infermeriabalear.com\/ca\/solicitud-miembro-comision\/\" target=\"_blank\" rel=\"noopener\">FORMULARI<\/a><\/span><\/strong><\/p>\n<p>Termini obert del<strong>\u00a030 d'abril al 24 de maig 2026.<\/strong><\/p><\/blockquote>","protected":false},"excerpt":{"rendered":"<p>El Col\u00b7legi Oficial d\u2019Infermeres i Infermers de les Illes Balears (COIBA) quiere impulsar la creaci\u00f3n de una Comisi\u00f3n de Salud&#8230;<\/p>","protected":false},"author":19,"featured_media":47503,"comment_status":"open","ping_status":"closed","sticky":false,"template":"","format":"standard","meta":{"footnotes":""},"categories":[376,315],"tags":[1218,444,685,481,393],"class_list":["post-47489","post","type-post","status-publish","format-standard","has-post-thumbnail","hentry","category-noticias-destacadas-2columna","category-noticias","tag-centro-de-salud","tag-comision","tag-comunitaria","tag-convocatoria","tag-enfermera"],"_links":{"self":[{"href":"https:\/\/infermeriabalear.com\/ca\/wp-json\/wp\/v2\/posts\/47489","targetHints":{"allow":["GET"]}}],"collection":[{"href":"https:\/\/infermeriabalear.com\/ca\/wp-json\/wp\/v2\/posts"}],"about":[{"href":"https:\/\/infermeriabalear.com\/ca\/wp-json\/wp\/v2\/types\/post"}],"author":[{"embeddable":true,"href":"https:\/\/infermeriabalear.com\/ca\/wp-json\/wp\/v2\/users\/19"}],"replies":[{"embeddable":true,"href":"https:\/\/infermeriabalear.com\/ca\/wp-json\/wp\/v2\/comments?post=47489"}],"version-history":[{"count":5,"href":"https:\/\/infermeriabalear.com\/ca\/wp-json\/wp\/v2\/posts\/47489\/revisions"}],"predecessor-version":[{"id":47505,"href":"https:\/\/infermeriabalear.com\/ca\/wp-json\/wp\/v2\/posts\/47489\/revisions\/47505"}],"wp:featuredmedia":[{"embeddable":true,"href":"https:\/\/infermeriabalear.com\/ca\/wp-json\/wp\/v2\/media\/47503"}],"wp:attachment":[{"href":"https:\/\/infermeriabalear.com\/ca\/wp-json\/wp\/v2\/media?parent=47489"}],"wp:term":[{"taxonomy":"category","embeddable":true,"href":"https:\/\/infermeriabalear.com\/ca\/wp-json\/wp\/v2\/categories?post=47489"},{"taxonomy":"post_tag","embeddable":true,"href":"https:\/\/infermeriabalear.com\/ca\/wp-json\/wp\/v2\/tags?post=47489"}],"curies":[{"name":"wp","href":"https:\/\/api.w.org\/{rel}","templated":true}]}}