{"id":48732,"date":"2026-08-28T09:01:24","date_gmt":"2026-08-28T07:01:24","guid":{"rendered":"https:\/\/infermeriabalear.com\/?p=48732"},"modified":"2026-08-28T09:17:14","modified_gmt":"2026-08-28T07:17:14","slug":"xxv-congreso-sociedad-espanola-enfermeria-oftalmologica-mallorca-25-y-26-de-septiembre-de-2026","status":"publish","type":"post","link":"https:\/\/infermeriabalear.com\/ca\/2026\/08\/28\/xxv-congreso-sociedad-espanola-enfermeria-oftalmologica-mallorca-25-y-26-de-septiembre-de-2026\/","title":{"rendered":"XXV Congr\u00e9s Sociedad Espa\u00f1ola Enfermer\u00eda Oftalmol\u00f3gica (Mallorca) \u2013 25 i 26 de setembre de 2026"},"content":{"rendered":"<p>La Societat Espanyola d'Infermeria Oftalmol\u00f2gica (SEEOF), organitza aquesta jornada a Mallorca. La Infermeria Oftalmol\u00f2gica exerceix un paper essencial en la prevenci\u00f3, cura i l'educaci\u00f3 visual. Promovent el desenvolupament cient\u00edfic i professional de la infermeria oftalmol\u00f2gica per a millorar la qualitat de l'atenci\u00f3 visual a Espanya. Aquest congr\u00e9s reuneix professionals d'infermeria oftalmol\u00f2gica de tota Espanya per a actualitzar coneixements, presentar comunicacions i compartir experi\u00e8ncies cl\u00edniques en tots els \u00e0mbits: quir\u00f2fan, consulta externa, hospitalitzaci\u00f3, diagn\u00f2stic i tractament, urg\u00e8ncies o unitats de subespecialitat.<\/p>\n<p style=\"padding-left: 40px;\">-Data: <strong>25 i 26 de septiembre de 2026<br \/>\n<\/strong>-Lloc de celebraci\u00f3:<strong> Hospital Son Ll\u00e0tzer (Sala d'actes)<br \/>\n<\/strong>-Descarregar <span style=\"color: #76c8d1;\"><strong><a style=\"color: #76c8d1;\" href=\"https:\/\/infermeriabalear.com\/wp-content\/uploads\/2026\/08\/Programa-SEEOF26.pdf\" target=\"_blank\" rel=\"noopener\">Programa<\/a><\/strong><\/span><\/p>\n<p><strong>Inscripcions:<\/strong> mitjan\u00e7ant codi QR publicat en el programa. <strong>Socis SEEOF\u2026\u2026\u2026\u2026\u2026175\u20ac \u2013 No Socis SEEOF\u2026\u2026\u2026..225\u20ac<\/strong><\/p>\n<p><strong>M\u00e9s informaci\u00f3 i Secretaria T\u00e8cnica:<\/strong><\/p>\n<p>Sociedad Espa\u00f1ola de Enfermer\u00eda Oftalmol\u00f3gica &#8211; C\/ Padua, 94 bajos 08006 Barcelona<br \/>\nTel 619571923 &#8211; e-mail <span style=\"color: #76c8d1;\">secretaria@seeoft.es <span style=\"color: #333333;\">&#8211;<\/span> <strong><a style=\"color: #76c8d1;\" href=\"http:\/\/www.seeoft.es\" target=\"_blank\" rel=\"noopener\">www.seeoft.es<\/a><\/strong><\/span><\/p>","protected":false},"excerpt":{"rendered":"<p>La Sociedad Espa\u00f1ola de Enfermer\u00eda Oftalmol\u00f3gica (SEEOF), organiza esta jornada en Mallorca. La Enfermer\u00eda Oftalmol\u00f3gica desempe\u00f1a un papel esencial en&#8230;<\/p>","protected":false},"author":14,"featured_media":48736,"comment_status":"open","ping_status":"closed","sticky":false,"template":"","format":"standard","meta":{"footnotes":""},"categories":[364],"tags":[404,1345,1346],"class_list":["post-48732","post","type-post","status-publish","format-standard","has-post-thumbnail","hentry","category-eventos-otros","tag-congreso","tag-oftalmologia","tag-seeof"],"_links":{"self":[{"href":"https:\/\/infermeriabalear.com\/ca\/wp-json\/wp\/v2\/posts\/48732","targetHints":{"allow":["GET"]}}],"collection":[{"href":"https:\/\/infermeriabalear.com\/ca\/wp-json\/wp\/v2\/posts"}],"about":[{"href":"https:\/\/infermeriabalear.com\/ca\/wp-json\/wp\/v2\/types\/post"}],"author":[{"embeddable":true,"href":"https:\/\/infermeriabalear.com\/ca\/wp-json\/wp\/v2\/users\/14"}],"replies":[{"embeddable":true,"href":"https:\/\/infermeriabalear.com\/ca\/wp-json\/wp\/v2\/comments?post=48732"}],"version-history":[{"count":8,"href":"https:\/\/infermeriabalear.com\/ca\/wp-json\/wp\/v2\/posts\/48732\/revisions"}],"predecessor-version":[{"id":48747,"href":"https:\/\/infermeriabalear.com\/ca\/wp-json\/wp\/v2\/posts\/48732\/revisions\/48747"}],"wp:featuredmedia":[{"embeddable":true,"href":"https:\/\/infermeriabalear.com\/ca\/wp-json\/wp\/v2\/media\/48736"}],"wp:attachment":[{"href":"https:\/\/infermeriabalear.com\/ca\/wp-json\/wp\/v2\/media?parent=48732"}],"wp:term":[{"taxonomy":"category","embeddable":true,"href":"https:\/\/infermeriabalear.com\/ca\/wp-json\/wp\/v2\/categories?post=48732"},{"taxonomy":"post_tag","embeddable":true,"href":"https:\/\/infermeriabalear.com\/ca\/wp-json\/wp\/v2\/tags?post=48732"}],"curies":[{"name":"wp","href":"https:\/\/api.w.org\/{rel}","templated":true}]}}