{"id":48748,"date":"2026-08-14T13:30:35","date_gmt":"2026-08-14T11:30:35","guid":{"rendered":"https:\/\/infermeriabalear.com\/?p=48748"},"modified":"2026-08-28T10:18:45","modified_gmt":"2026-08-28T08:18:45","slug":"iii-jornada-internacional-sedan-palma-26-de-septiembre-de-2026","status":"publish","type":"post","link":"https:\/\/infermeriabalear.com\/ca\/2026\/08\/14\/iii-jornada-internacional-sedan-palma-26-de-septiembre-de-2026\/","title":{"rendered":"III Jornada Internacional SEDAN \u2013 Palma, 26 de setembre de 2026"},"content":{"rendered":"<p data-start=\"461\" data-end=\"763\">Fundaci\u00f3 Aspace Balears organitza la tercera edici\u00f3 d'aquesta jornada, sota el lema \u00ab<strong>Sensacions, Emocions i Dolor en Alteracions del Neurodesenvolupament (SEDEN). De la recerca a la pr\u00e0ctica cl\u00ednica\u00bb<\/strong>, dissenyada per a generar un punt de trobada entre la comunitat cient\u00edfica, els professionals de l'\u00e0mbit cl\u00ednic i assistencial, les fam\u00edlies i qualsevol persona interessada en el m\u00f3n del eurodesenvolupament.<\/p>\n<p data-start=\"765\" data-end=\"1012\">Durant la jornada,\u00a0<strong data-start=\"785\" data-end=\"836\">experts de refer\u00e8ncia nacional i internacional<\/strong> compartiran recerques, experi\u00e8ncies i enfocaments aplicats sobre l'abordatge de les emocions, sensacions i el dolor en persones amb alteracions del neurodesenvolupament.<\/p>\n<p data-start=\"765\" data-end=\"1012\"><strong>Dirigit a:<\/strong> Professionals sanitaris, educatius i socials, estudiants i persones en formaci\u00f3, fam\u00edlies, cuidadors i persones amb neurodiversidad, i p\u00fablic general amb inter\u00e8s en l'\u00e0mbit de la discapacitat i la neuroci\u00e8ncia.<\/p>\n<p style=\"padding-left: 40px;\">-Data: <strong>26 de setembre de 2026<br \/>\n<\/strong>-Lloc de celebraci\u00f3:<strong> Caixa F\u00f2rum (Palma)  i tamb\u00e9 retransmissi\u00f3 online (streaming). <\/strong>L'enlla\u00e7 per a accedir a la jornada en modalitat en l\u00ednia, s'enviar\u00e0 a les persones inscrites una setmana abans de la jornada.<strong><br \/>\n<\/strong>-Descarregar <span style=\"color: #76c8d1;\"><strong><a style=\"color: #76c8d1;\" href=\"https:\/\/infermeriabalear.com\/wp-content\/uploads\/2026\/08\/ESP-III-SEDAN-PROGRAMA.pdf\" target=\"_blank\" rel=\"noopener\">Programa<\/a><\/strong><\/span><\/p>\n<p><strong>Inscripcions:<\/strong> inscripci\u00f3 gratu\u00efta, a trav\u00e9s del seg\u00fcent <strong><span style=\"color: #76c8d1;\"><a style=\"color: #76c8d1;\" href=\"https:\/\/docs.google.com\/forms\/d\/e\/1FAIpQLSfbG_SdoIfM_G4NZzjD7aMuvtVwTli8r-Xh04goGmxDPr9JRQ\/viewform\" target=\"_blank\" rel=\"noopener\">formulari<\/a> <\/span><\/strong>(aforament limitat per a la modalitat presencial).<\/p>\n<p>Termini d'inscripci\u00f3: <strong>fins al 18 de setembre de 2026<\/strong><\/p>\n<p>Termini de presentaci\u00f3 d'enviament de p\u00f2sters: fins a l'1 de setembre.<\/p>\n<p>M\u00e9s informaci\u00f3 a: <strong><span style=\"color: #76c8d1;\"><a style=\"color: #76c8d1;\" href=\"https:\/\/aspaceib.org\/sedan2026\/\" target=\"_blank\" rel=\"noopener\">SEDAN 2026: III Jornada Internacional | ASPACE Baleares<\/a><\/span>\u00a0<\/strong><\/p>","protected":false},"excerpt":{"rendered":"<p>Fundaci\u00f3 Aspace Balears organiza la tercera edici\u00f3n de esta jornada, bajo el lema \u00abSensaciones, Emociones y Dolor en Alteraciones del&#8230;<\/p>","protected":false},"author":14,"featured_media":48760,"comment_status":"open","ping_status":"closed","sticky":false,"template":"","format":"standard","meta":{"footnotes":""},"categories":[364],"tags":[404,1286],"class_list":["post-48748","post","type-post","status-publish","format-standard","has-post-thumbnail","hentry","category-eventos-otros","tag-congreso","tag-sedan"],"_links":{"self":[{"href":"https:\/\/infermeriabalear.com\/ca\/wp-json\/wp\/v2\/posts\/48748","targetHints":{"allow":["GET"]}}],"collection":[{"href":"https:\/\/infermeriabalear.com\/ca\/wp-json\/wp\/v2\/posts"}],"about":[{"href":"https:\/\/infermeriabalear.com\/ca\/wp-json\/wp\/v2\/types\/post"}],"author":[{"embeddable":true,"href":"https:\/\/infermeriabalear.com\/ca\/wp-json\/wp\/v2\/users\/14"}],"replies":[{"embeddable":true,"href":"https:\/\/infermeriabalear.com\/ca\/wp-json\/wp\/v2\/comments?post=48748"}],"version-history":[{"count":12,"href":"https:\/\/infermeriabalear.com\/ca\/wp-json\/wp\/v2\/posts\/48748\/revisions"}],"predecessor-version":[{"id":48762,"href":"https:\/\/infermeriabalear.com\/ca\/wp-json\/wp\/v2\/posts\/48748\/revisions\/48762"}],"wp:featuredmedia":[{"embeddable":true,"href":"https:\/\/infermeriabalear.com\/ca\/wp-json\/wp\/v2\/media\/48760"}],"wp:attachment":[{"href":"https:\/\/infermeriabalear.com\/ca\/wp-json\/wp\/v2\/media?parent=48748"}],"wp:term":[{"taxonomy":"category","embeddable":true,"href":"https:\/\/infermeriabalear.com\/ca\/wp-json\/wp\/v2\/categories?post=48748"},{"taxonomy":"post_tag","embeddable":true,"href":"https:\/\/infermeriabalear.com\/ca\/wp-json\/wp\/v2\/tags?post=48748"}],"curies":[{"name":"wp","href":"https:\/\/api.w.org\/{rel}","templated":true}]}}