{"id":48763,"date":"2026-08-28T10:46:46","date_gmt":"2026-08-28T08:46:46","guid":{"rendered":"https:\/\/infermeriabalear.com\/?p=48763"},"modified":"2026-08-28T10:46:46","modified_gmt":"2026-08-28T08:46:46","slug":"hospiten-busca-enfermera-o-para-estepona-malaga","status":"publish","type":"post","link":"https:\/\/infermeriabalear.com\/ca\/2026\/08\/28\/hospiten-busca-enfermera-o-para-estepona-malaga\/","title":{"rendered":"Hospiten busca Infermera\/r per a Estepona \u2013 M\u00e0laga"},"content":{"rendered":"<p><strong>Oferta laboral per Hospiten<\/strong><\/p>\n<p><strong>(Centre privat concertat)<\/strong><\/p>\n<p>&nbsp;<\/p>\n<p><strong>Lloc de treball<\/strong>: Hospiten Estepona<\/p>\n<p><strong>\u00c0mbit:<\/strong> Generalista<\/p>\n<p><strong>Sou aproximat<\/strong>: 26.000 \u20ac brut anual<\/p>\n<p><strong>Requisits:<\/strong><strong>\u00a0\u00a0<\/strong>T\u00edtol d'Infermeria  \u2013 estar col\u00b7legiada\/t.<\/p>\n<p>1 any d\u2019experi\u00e8ncia en atenci\u00f3 al pacient, administraci\u00f3 de medicaci\u00f3, mobilitzaci\u00f3 de pacients, control de dietes.<\/p>\n<p><strong>Tipus de jornada<\/strong>: Torns de 8:00h a 15:00h; de 15:00h a 22:00h y de 22:00h a 8:00h.<\/p>\n<p><strong>Tipus de contracte<\/strong>: Indefinit a jornada completa<\/p>\n<p class=\" translation-block\">Nombre de Vacants: 1<\/p>\n<p><strong>Contacte: <a href=\"mailto:jcampos@hospiten.com\">jcampos@hospiten.com<\/a><\/strong><\/p>\n<p>&nbsp;<\/p>\n<p>&nbsp;<\/p>\n<p>&nbsp;<\/p>\n<p>Autoria de la foto: Ariadna Creus i \u00c0ngel Garc\u00eda, Banc d'Imatges Infermeres COIB<\/p>","protected":false},"excerpt":{"rendered":"<p>Oferta laboral para Hospiten (Centro privado concertado) &nbsp; Lugar de trabajo: Hospiten Estepona \u00c1mbito: Generalista Sueldo aproximado: 26.000 \u20ac bruto&#8230;<\/p>","protected":false},"author":23,"featured_media":47933,"comment_status":"open","ping_status":"closed","sticky":false,"template":"","format":"standard","meta":{"footnotes":""},"categories":[161],"tags":[123,317],"class_list":["post-48763","post","type-post","status-publish","format-standard","has-post-thumbnail","hentry","category-ofertas_empleo-nacionales","tag-empleo","tag-ofertas"],"_links":{"self":[{"href":"https:\/\/infermeriabalear.com\/ca\/wp-json\/wp\/v2\/posts\/48763","targetHints":{"allow":["GET"]}}],"collection":[{"href":"https:\/\/infermeriabalear.com\/ca\/wp-json\/wp\/v2\/posts"}],"about":[{"href":"https:\/\/infermeriabalear.com\/ca\/wp-json\/wp\/v2\/types\/post"}],"author":[{"embeddable":true,"href":"https:\/\/infermeriabalear.com\/ca\/wp-json\/wp\/v2\/users\/23"}],"replies":[{"embeddable":true,"href":"https:\/\/infermeriabalear.com\/ca\/wp-json\/wp\/v2\/comments?post=48763"}],"version-history":[{"count":1,"href":"https:\/\/infermeriabalear.com\/ca\/wp-json\/wp\/v2\/posts\/48763\/revisions"}],"predecessor-version":[{"id":48764,"href":"https:\/\/infermeriabalear.com\/ca\/wp-json\/wp\/v2\/posts\/48763\/revisions\/48764"}],"wp:attachment":[{"href":"https:\/\/infermeriabalear.com\/ca\/wp-json\/wp\/v2\/media?parent=48763"}],"wp:term":[{"taxonomy":"category","embeddable":true,"href":"https:\/\/infermeriabalear.com\/ca\/wp-json\/wp\/v2\/categories?post=48763"},{"taxonomy":"post_tag","embeddable":true,"href":"https:\/\/infermeriabalear.com\/ca\/wp-json\/wp\/v2\/tags?post=48763"}],"curies":[{"name":"wp","href":"https:\/\/api.w.org\/{rel}","templated":true}]}}